{"id":33862,"date":"2023-12-27T11:40:23","date_gmt":"2023-12-27T10:40:23","guid":{"rendered":"https:\/\/blogs.elcomercio.es\/reflexiones-de-belarmino\/?p=33862"},"modified":"2023-12-27T11:40:23","modified_gmt":"2023-12-27T10:40:23","slug":"los-salarios-se-recuperan-con-fuerza-en-espana-en-las-grandes-empresas","status":"publish","type":"post","link":"https:\/\/blogs.elcomercio.es\/reflexiones-de-belarmino\/2023\/12\/27\/los-salarios-se-recuperan-con-fuerza-en-espana-en-las-grandes-empresas\/","title":{"rendered":"\u00a1\u00a1\u00a1\u00a1LOS SALARIOS SE RECUPERAN CON FUERZA EN ESPA\u00d1A EN LAS GRANDES EMPRESAS!!!"},"content":{"rendered":"<p><b>Tras la crisis del COVID, Espa\u00f1a est\u00e1 recuperando\u00a0fuertemente los salarios en las grandes empresas, inclusive llegando a dos d\u00edgitos\u00a0en varios\u00a0a\u00f1os..La acci\u00f3n del gobierno, Econom\u00eda\u00a0y Trabajo, con los agentes sociales, en armon\u00eda\u00a0,sit\u00faan a nuestro pa\u00eds en uno de los\u00a0mejores\u00a0de Europa, por delante de las llamadas economizas\u00a0grandes como Alemania, Francia\u00a0e Italia.El modelo de Coalici\u00f3n muestra, en este, como en otros casos, que es un modelo correcto. Crece la econom\u00eda, pero tambi\u00e9n el Estado del Bienestar.<\/b><\/p>\n<!-- AddThis Advanced Settings generic via filter on the_content --><!-- AddThis Share Buttons generic via filter on the_content -->","protected":false},"excerpt":{"rendered":"<p>Tras la crisis del COVID, Espa\u00f1a est\u00e1 recuperando\u00a0fuertemente los salarios en las grandes empresas, inclusive llegando a dos d\u00edgitos\u00a0en varios\u00a0a\u00f1os..La acci\u00f3n del gobierno, Econom\u00eda\u00a0y Trabajo, con los agentes sociales, en armon\u00eda\u00a0,sit\u00faan a nuestro pa\u00eds en uno de los\u00a0mejores\u00a0de Europa, por delante de las llamadas economizas\u00a0grandes como Alemania, Francia\u00a0e Italia.El modelo de Coalici\u00f3n muestra, en este, [&hellip;]<!-- AddThis Advanced Settings generic via filter on get_the_excerpt --><!-- AddThis Share Buttons generic via filter on get_the_excerpt --><\/p>\n","protected":false},"author":16,"featured_media":0,"comment_status":"open","ping_status":"closed","sticky":false,"template":"","format":"standard","meta":[],"categories":[1],"tags":[],"_links":{"self":[{"href":"https:\/\/blogs.elcomercio.es\/reflexiones-de-belarmino\/wp-json\/wp\/v2\/posts\/33862"}],"collection":[{"href":"https:\/\/blogs.elcomercio.es\/reflexiones-de-belarmino\/wp-json\/wp\/v2\/posts"}],"about":[{"href":"https:\/\/blogs.elcomercio.es\/reflexiones-de-belarmino\/wp-json\/wp\/v2\/types\/post"}],"author":[{"embeddable":true,"href":"https:\/\/blogs.elcomercio.es\/reflexiones-de-belarmino\/wp-json\/wp\/v2\/users\/16"}],"replies":[{"embeddable":true,"href":"https:\/\/blogs.elcomercio.es\/reflexiones-de-belarmino\/wp-json\/wp\/v2\/comments?post=33862"}],"version-history":[{"count":3,"href":"https:\/\/blogs.elcomercio.es\/reflexiones-de-belarmino\/wp-json\/wp\/v2\/posts\/33862\/revisions"}],"predecessor-version":[{"id":33865,"href":"https:\/\/blogs.elcomercio.es\/reflexiones-de-belarmino\/wp-json\/wp\/v2\/posts\/33862\/revisions\/33865"}],"wp:attachment":[{"href":"https:\/\/blogs.elcomercio.es\/reflexiones-de-belarmino\/wp-json\/wp\/v2\/media?parent=33862"}],"wp:term":[{"taxonomy":"category","embeddable":true,"href":"https:\/\/blogs.elcomercio.es\/reflexiones-de-belarmino\/wp-json\/wp\/v2\/categories?post=33862"},{"taxonomy":"post_tag","embeddable":true,"href":"https:\/\/blogs.elcomercio.es\/reflexiones-de-belarmino\/wp-json\/wp\/v2\/tags?post=33862"}],"curies":[{"name":"wp","href":"https:\/\/api.w.org\/{rel}","templated":true}]}}