{"id":33866,"date":"2023-12-27T11:49:30","date_gmt":"2023-12-27T10:49:30","guid":{"rendered":"https:\/\/blogs.elcomercio.es\/reflexiones-de-belarmino\/?p=33866"},"modified":"2023-12-27T11:49:30","modified_gmt":"2023-12-27T10:49:30","slug":"marchan-decenas-de-miles-por-mexico-rumbo-a-ee-uu-biden-envia-hoy-a-blinken-a-hablar-con-lopez-obrador","status":"publish","type":"post","link":"https:\/\/blogs.elcomercio.es\/reflexiones-de-belarmino\/2023\/12\/27\/marchan-decenas-de-miles-por-mexico-rumbo-a-ee-uu-biden-envia-hoy-a-blinken-a-hablar-con-lopez-obrador\/","title":{"rendered":"MARCHAN DECENAS DE MILES POR MEXICO RUMBO A EE.UU.  BIDEN ENVIA HOY  A BLINKEN A HABLAR CON LOPEZ OBRADOR !!!"},"content":{"rendered":"<p><b>M\u00e1s de 50,000 hombres, mujeres y ni\u00f1os, marchan desde hace dos d\u00edas que salieron de Tapachula al sur del pa\u00eds, hacia\u00a0los Estados Unidos recorriendo territorio mexicano. Marchan emigrantes\u00a0de 20 paises y la presi\u00f3n en las fronteras, con republicanos que piden blindarlas, se tensa.<\/b><\/p>\n<p><b>L\u00f3pez Obrador, desde hace 4 a\u00f1os, pidi\u00f3 a los Estados Unidos se invirtiesen en aquellos paises 10,000 d\u00f3lares, para su desarrollo, sobre la premisa &#8221; nadie se mueve de su casa y de su tierra, sino es por un imperiosa necesidad&#8221;. BIden no lo entendi\u00f3 como no se est\u00e1 interesando Europa, y la presi\u00f3n en la frontera con M\u00e9xico y en el Mediterr\u00e1neo\u00a0seguir\u00e1\u00a0en ascenso.<\/b><\/p>\n<!-- AddThis Advanced Settings generic via filter on the_content --><!-- AddThis Share Buttons generic via filter on the_content -->","protected":false},"excerpt":{"rendered":"<p>M\u00e1s de 50,000 hombres, mujeres y ni\u00f1os, marchan desde hace dos d\u00edas que salieron de Tapachula al sur del pa\u00eds, hacia\u00a0los Estados Unidos recorriendo territorio mexicano. Marchan emigrantes\u00a0de 20 paises y la presi\u00f3n en las fronteras, con republicanos que piden blindarlas, se tensa. L\u00f3pez Obrador, desde hace 4 a\u00f1os, pidi\u00f3 a los Estados Unidos se [&hellip;]<!-- AddThis Advanced Settings generic via filter on get_the_excerpt --><!-- AddThis Share Buttons generic via filter on get_the_excerpt --><\/p>\n","protected":false},"author":16,"featured_media":0,"comment_status":"open","ping_status":"closed","sticky":false,"template":"","format":"standard","meta":[],"categories":[1],"tags":[],"_links":{"self":[{"href":"https:\/\/blogs.elcomercio.es\/reflexiones-de-belarmino\/wp-json\/wp\/v2\/posts\/33866"}],"collection":[{"href":"https:\/\/blogs.elcomercio.es\/reflexiones-de-belarmino\/wp-json\/wp\/v2\/posts"}],"about":[{"href":"https:\/\/blogs.elcomercio.es\/reflexiones-de-belarmino\/wp-json\/wp\/v2\/types\/post"}],"author":[{"embeddable":true,"href":"https:\/\/blogs.elcomercio.es\/reflexiones-de-belarmino\/wp-json\/wp\/v2\/users\/16"}],"replies":[{"embeddable":true,"href":"https:\/\/blogs.elcomercio.es\/reflexiones-de-belarmino\/wp-json\/wp\/v2\/comments?post=33866"}],"version-history":[{"count":2,"href":"https:\/\/blogs.elcomercio.es\/reflexiones-de-belarmino\/wp-json\/wp\/v2\/posts\/33866\/revisions"}],"predecessor-version":[{"id":33868,"href":"https:\/\/blogs.elcomercio.es\/reflexiones-de-belarmino\/wp-json\/wp\/v2\/posts\/33866\/revisions\/33868"}],"wp:attachment":[{"href":"https:\/\/blogs.elcomercio.es\/reflexiones-de-belarmino\/wp-json\/wp\/v2\/media?parent=33866"}],"wp:term":[{"taxonomy":"category","embeddable":true,"href":"https:\/\/blogs.elcomercio.es\/reflexiones-de-belarmino\/wp-json\/wp\/v2\/categories?post=33866"},{"taxonomy":"post_tag","embeddable":true,"href":"https:\/\/blogs.elcomercio.es\/reflexiones-de-belarmino\/wp-json\/wp\/v2\/tags?post=33866"}],"curies":[{"name":"wp","href":"https:\/\/api.w.org\/{rel}","templated":true}]}}