{"id":33876,"date":"2023-12-27T13:43:45","date_gmt":"2023-12-27T12:43:45","guid":{"rendered":"https:\/\/blogs.elcomercio.es\/reflexiones-de-belarmino\/?p=33876"},"modified":"2023-12-27T13:43:45","modified_gmt":"2023-12-27T12:43:45","slug":"europa-podria-afrontar-una-mega-sequia-cada-5-anos-una-de-las-10-zonas-del-mundo-mas-afectada","status":"publish","type":"post","link":"https:\/\/blogs.elcomercio.es\/reflexiones-de-belarmino\/2023\/12\/27\/europa-podria-afrontar-una-mega-sequia-cada-5-anos-una-de-las-10-zonas-del-mundo-mas-afectada\/","title":{"rendered":"\u00a1\u00a1\u00a1\u00a1\u00a1EUROPA PODR\u00cdA  AFRONTAR UNA  MEGA-SEQU\u00cdA, CADA 5 A\u00d1OS .UNA DE LAS 10 ZONAS DEL MUNDO MAS AFECTADA !!!"},"content":{"rendered":"<p><b>Est\u00e1 avisado desde hace a\u00f1os, pero ahora estudios cient\u00edficos\u00a0precisos pronostican\u00a0que Europa puede sufrir una mega-sequ\u00eda\u00a0cada 5 a\u00f1os. Este a\u00f1o fue una de las 10 zonas del mundo, m\u00e1s afectada.<\/b><\/p>\n<!-- AddThis Advanced Settings generic via filter on the_content --><!-- AddThis Share Buttons generic via filter on the_content -->","protected":false},"excerpt":{"rendered":"<p>Est\u00e1 avisado desde hace a\u00f1os, pero ahora estudios cient\u00edficos\u00a0precisos pronostican\u00a0que Europa puede sufrir una mega-sequ\u00eda\u00a0cada 5 a\u00f1os. Este a\u00f1o fue una de las 10 zonas del mundo, m\u00e1s afectada.<!-- AddThis Advanced Settings generic via filter on get_the_excerpt --><!-- AddThis Share Buttons generic via filter on get_the_excerpt --><\/p>\n","protected":false},"author":16,"featured_media":0,"comment_status":"open","ping_status":"closed","sticky":false,"template":"","format":"standard","meta":[],"categories":[1],"tags":[],"_links":{"self":[{"href":"https:\/\/blogs.elcomercio.es\/reflexiones-de-belarmino\/wp-json\/wp\/v2\/posts\/33876"}],"collection":[{"href":"https:\/\/blogs.elcomercio.es\/reflexiones-de-belarmino\/wp-json\/wp\/v2\/posts"}],"about":[{"href":"https:\/\/blogs.elcomercio.es\/reflexiones-de-belarmino\/wp-json\/wp\/v2\/types\/post"}],"author":[{"embeddable":true,"href":"https:\/\/blogs.elcomercio.es\/reflexiones-de-belarmino\/wp-json\/wp\/v2\/users\/16"}],"replies":[{"embeddable":true,"href":"https:\/\/blogs.elcomercio.es\/reflexiones-de-belarmino\/wp-json\/wp\/v2\/comments?post=33876"}],"version-history":[{"count":1,"href":"https:\/\/blogs.elcomercio.es\/reflexiones-de-belarmino\/wp-json\/wp\/v2\/posts\/33876\/revisions"}],"predecessor-version":[{"id":33877,"href":"https:\/\/blogs.elcomercio.es\/reflexiones-de-belarmino\/wp-json\/wp\/v2\/posts\/33876\/revisions\/33877"}],"wp:attachment":[{"href":"https:\/\/blogs.elcomercio.es\/reflexiones-de-belarmino\/wp-json\/wp\/v2\/media?parent=33876"}],"wp:term":[{"taxonomy":"category","embeddable":true,"href":"https:\/\/blogs.elcomercio.es\/reflexiones-de-belarmino\/wp-json\/wp\/v2\/categories?post=33876"},{"taxonomy":"post_tag","embeddable":true,"href":"https:\/\/blogs.elcomercio.es\/reflexiones-de-belarmino\/wp-json\/wp\/v2\/tags?post=33876"}],"curies":[{"name":"wp","href":"https:\/\/api.w.org\/{rel}","templated":true}]}}