{"id":33878,"date":"2023-12-27T18:18:58","date_gmt":"2023-12-27T17:18:58","guid":{"rendered":"https:\/\/blogs.elcomercio.es\/reflexiones-de-belarmino\/?p=33878"},"modified":"2023-12-27T18:18:58","modified_gmt":"2023-12-27T17:18:58","slug":"mas-que-contener-a-los-migrantes-lo-principal-es-atender-la-causa-de-su-exodo-lopez-obrador","status":"publish","type":"post","link":"https:\/\/blogs.elcomercio.es\/reflexiones-de-belarmino\/2023\/12\/27\/mas-que-contener-a-los-migrantes-lo-principal-es-atender-la-causa-de-su-exodo-lopez-obrador\/","title":{"rendered":"\u00a1\u00a1\u00a1&#8221;MAS QUE CONTENER A LOS MIGRANTES, LO PRINCIPAL ES ATENDER LA CAUSA DE SU \u00c9XODO&#8221;: LOPEZ OBRADOR  !!!!"},"content":{"rendered":"<p><b>50,000 personas cruzan el pais tratando de llegar a Estados Unidos. Salieron el 24 de diciembre desde Tapachula y pertenecen a 20 paises, inclusive de otros continentes. Biden, desbordado sin atender las causas como hace 4 a\u00f1os le propuso el presidente de M\u00e9xico, ha mandado a una delegaci\u00f3n del m\u00e1s alto nivel, el Secretario de Estado, el de Seguridad Nacional, asesores de la Casa Blanca que esta ma\u00f1ana se reunir\u00e1n con el presidente de la Republica Mexicana, viajan ante el temor de las tensiones entre los republicanos que insisten en blindar la frontera, las palabras de Trum hace unos d\u00edas, similar a las de Hitler, &#8221; VIENEN A ENVENENAR LA SANGRE DE NUESTRA NACI\u00d3N&#8221;, Y M\u00e9xico, para ellos, es clave.<\/b><\/p>\n<p><b>En su Ma\u00f1anera, da dejado claro sus tesis: &#8220;MAS QUE CONTENER A MIGRANTES LO PRINCIPAL ES ATENDER LAS CAUSAS QUE ORIGINAN EL \u00c9XODO.&#8221;.<\/b><\/p>\n<p><strong>MIentras llega la hora de la entrevista, se est\u00e1 informando a los mexicanos que en M\u00e9xicoc hay 110,994 desaparecidos y la Secretaria de Goberbnaci\u00f3n est\u00e1 informando el m\u00e9todo para saber donde est\u00e1n estas personas, por que hay miles de fallecidos, pero otros est\u00e1n en c\u00e1rceles, o sin desear saber su paradero en procesos personales.<\/strong><\/p>\n<p><b>Por primera vez en su historia, antes\u00a0de junio, M\u00e9xico va a disponer de un archivo de donde est\u00e1n, vivos o no, los 110,994.<\/b><\/p>\n<!-- AddThis Advanced Settings generic via filter on the_content --><!-- AddThis Share Buttons generic via filter on the_content -->","protected":false},"excerpt":{"rendered":"<p>50,000 personas cruzan el pais tratando de llegar a Estados Unidos. Salieron el 24 de diciembre desde Tapachula y pertenecen a 20 paises, inclusive de otros continentes. Biden, desbordado sin atender las causas como hace 4 a\u00f1os le propuso el presidente de M\u00e9xico, ha mandado a una delegaci\u00f3n del m\u00e1s alto nivel, el Secretario de [&hellip;]<!-- AddThis Advanced Settings generic via filter on get_the_excerpt --><!-- AddThis Share Buttons generic via filter on get_the_excerpt --><\/p>\n","protected":false},"author":16,"featured_media":0,"comment_status":"open","ping_status":"closed","sticky":false,"template":"","format":"standard","meta":[],"categories":[1],"tags":[],"_links":{"self":[{"href":"https:\/\/blogs.elcomercio.es\/reflexiones-de-belarmino\/wp-json\/wp\/v2\/posts\/33878"}],"collection":[{"href":"https:\/\/blogs.elcomercio.es\/reflexiones-de-belarmino\/wp-json\/wp\/v2\/posts"}],"about":[{"href":"https:\/\/blogs.elcomercio.es\/reflexiones-de-belarmino\/wp-json\/wp\/v2\/types\/post"}],"author":[{"embeddable":true,"href":"https:\/\/blogs.elcomercio.es\/reflexiones-de-belarmino\/wp-json\/wp\/v2\/users\/16"}],"replies":[{"embeddable":true,"href":"https:\/\/blogs.elcomercio.es\/reflexiones-de-belarmino\/wp-json\/wp\/v2\/comments?post=33878"}],"version-history":[{"count":1,"href":"https:\/\/blogs.elcomercio.es\/reflexiones-de-belarmino\/wp-json\/wp\/v2\/posts\/33878\/revisions"}],"predecessor-version":[{"id":33879,"href":"https:\/\/blogs.elcomercio.es\/reflexiones-de-belarmino\/wp-json\/wp\/v2\/posts\/33878\/revisions\/33879"}],"wp:attachment":[{"href":"https:\/\/blogs.elcomercio.es\/reflexiones-de-belarmino\/wp-json\/wp\/v2\/media?parent=33878"}],"wp:term":[{"taxonomy":"category","embeddable":true,"href":"https:\/\/blogs.elcomercio.es\/reflexiones-de-belarmino\/wp-json\/wp\/v2\/categories?post=33878"},{"taxonomy":"post_tag","embeddable":true,"href":"https:\/\/blogs.elcomercio.es\/reflexiones-de-belarmino\/wp-json\/wp\/v2\/tags?post=33878"}],"curies":[{"name":"wp","href":"https:\/\/api.w.org\/{rel}","templated":true}]}}