{"id":33918,"date":"2024-01-03T17:32:47","date_gmt":"2024-01-03T16:32:47","guid":{"rendered":"https:\/\/blogs.elcomercio.es\/reflexiones-de-belarmino\/?p=33918"},"modified":"2024-01-03T17:32:47","modified_gmt":"2024-01-03T16:32:47","slug":"matan-en-iran-a-100-personas-en-el-homenaje-a-soleiman-dos-explosiones-habra-repercusiones","status":"publish","type":"post","link":"https:\/\/blogs.elcomercio.es\/reflexiones-de-belarmino\/2024\/01\/03\/matan-en-iran-a-100-personas-en-el-homenaje-a-soleiman-dos-explosiones-habra-repercusiones\/","title":{"rendered":"\u00a1\u00a1\u00a1\u00a1\u00a1MATAN EN IRAN A 100 PERSONAS EN EL HOMENAJE A SOLEIMAN. DOS EXPLOSIONES. HABR\u00c1 REPERCUSIONES !!!"},"content":{"rendered":"<p><b>Lo que va a ser considerado\u00a0como una agresi\u00f3n hoy en el sureste\u00a0de Ir\u00e1n, durante el homenaje a su principal militar asesinado en 2020 por los Estados Unidos Asem Soleim\u00e1n, ha causado hace unos momentos m\u00e1s de 100 muertos.Esta agresi\u00f3n dentro de Ir\u00e1n, sin duda va a implicar a Hezbola, a los Haties y al propio Ir\u00e1n, lo que va a extender el conflicto, con todas las repercusiones en el Mar Rojo.<\/b><\/p>\n<!-- AddThis Advanced Settings generic via filter on the_content --><!-- AddThis Share Buttons generic via filter on the_content -->","protected":false},"excerpt":{"rendered":"<p>Lo que va a ser considerado\u00a0como una agresi\u00f3n hoy en el sureste\u00a0de Ir\u00e1n, durante el homenaje a su principal militar asesinado en 2020 por los Estados Unidos Asem Soleim\u00e1n, ha causado hace unos momentos m\u00e1s de 100 muertos.Esta agresi\u00f3n dentro de Ir\u00e1n, sin duda va a implicar a Hezbola, a los Haties y al propio [&hellip;]<!-- AddThis Advanced Settings generic via filter on get_the_excerpt --><!-- AddThis Share Buttons generic via filter on get_the_excerpt --><\/p>\n","protected":false},"author":16,"featured_media":0,"comment_status":"open","ping_status":"closed","sticky":false,"template":"","format":"standard","meta":[],"categories":[1],"tags":[],"_links":{"self":[{"href":"https:\/\/blogs.elcomercio.es\/reflexiones-de-belarmino\/wp-json\/wp\/v2\/posts\/33918"}],"collection":[{"href":"https:\/\/blogs.elcomercio.es\/reflexiones-de-belarmino\/wp-json\/wp\/v2\/posts"}],"about":[{"href":"https:\/\/blogs.elcomercio.es\/reflexiones-de-belarmino\/wp-json\/wp\/v2\/types\/post"}],"author":[{"embeddable":true,"href":"https:\/\/blogs.elcomercio.es\/reflexiones-de-belarmino\/wp-json\/wp\/v2\/users\/16"}],"replies":[{"embeddable":true,"href":"https:\/\/blogs.elcomercio.es\/reflexiones-de-belarmino\/wp-json\/wp\/v2\/comments?post=33918"}],"version-history":[{"count":3,"href":"https:\/\/blogs.elcomercio.es\/reflexiones-de-belarmino\/wp-json\/wp\/v2\/posts\/33918\/revisions"}],"predecessor-version":[{"id":33921,"href":"https:\/\/blogs.elcomercio.es\/reflexiones-de-belarmino\/wp-json\/wp\/v2\/posts\/33918\/revisions\/33921"}],"wp:attachment":[{"href":"https:\/\/blogs.elcomercio.es\/reflexiones-de-belarmino\/wp-json\/wp\/v2\/media?parent=33918"}],"wp:term":[{"taxonomy":"category","embeddable":true,"href":"https:\/\/blogs.elcomercio.es\/reflexiones-de-belarmino\/wp-json\/wp\/v2\/categories?post=33918"},{"taxonomy":"post_tag","embeddable":true,"href":"https:\/\/blogs.elcomercio.es\/reflexiones-de-belarmino\/wp-json\/wp\/v2\/tags?post=33918"}],"curies":[{"name":"wp","href":"https:\/\/api.w.org\/{rel}","templated":true}]}}