{"id":33924,"date":"2024-01-03T18:03:49","date_gmt":"2024-01-03T17:03:49","guid":{"rendered":"https:\/\/blogs.elcomercio.es\/reflexiones-de-belarmino\/?p=33924"},"modified":"2024-01-03T18:03:49","modified_gmt":"2024-01-03T17:03:49","slug":"iberdrola-tiene-25000-millones-de-eurospara-invertir-el-gobierno-380000-para-gastos","status":"publish","type":"post","link":"https:\/\/blogs.elcomercio.es\/reflexiones-de-belarmino\/2024\/01\/03\/iberdrola-tiene-25000-millones-de-eurospara-invertir-el-gobierno-380000-para-gastos\/","title":{"rendered":"\u00a1\u00a1\u00a1\u00a1\u00a1IBERDROLA TIENE 25,000 MILLONES DE EUROSPARA INVERTIR.EL GOBIERNO 380,000 PARA GASTOS !!!"},"content":{"rendered":"<p><b>Y se quejan de los impuestos que se les que quieren pero Iberdrola, tras su operaci\u00f3n\u00a0en Estados Unidos ha publicado hoy en 5 d\u00edas que tiene limpios para invertir 25,000 millones de d\u00f3lares. Para comparar el gobierno tiene para gastara este a\u00f1o 380,000 millones<\/b><\/p>\n<!-- AddThis Advanced Settings generic via filter on the_content --><!-- AddThis Share Buttons generic via filter on the_content -->","protected":false},"excerpt":{"rendered":"<p>Y se quejan de los impuestos que se les que quieren pero Iberdrola, tras su operaci\u00f3n\u00a0en Estados Unidos ha publicado hoy en 5 d\u00edas que tiene limpios para invertir 25,000 millones de d\u00f3lares. Para comparar el gobierno tiene para gastara este a\u00f1o 380,000 millones<!-- AddThis Advanced Settings generic via filter on get_the_excerpt --><!-- AddThis Share Buttons generic via filter on get_the_excerpt --><\/p>\n","protected":false},"author":16,"featured_media":0,"comment_status":"open","ping_status":"closed","sticky":false,"template":"","format":"standard","meta":[],"categories":[1],"tags":[],"_links":{"self":[{"href":"https:\/\/blogs.elcomercio.es\/reflexiones-de-belarmino\/wp-json\/wp\/v2\/posts\/33924"}],"collection":[{"href":"https:\/\/blogs.elcomercio.es\/reflexiones-de-belarmino\/wp-json\/wp\/v2\/posts"}],"about":[{"href":"https:\/\/blogs.elcomercio.es\/reflexiones-de-belarmino\/wp-json\/wp\/v2\/types\/post"}],"author":[{"embeddable":true,"href":"https:\/\/blogs.elcomercio.es\/reflexiones-de-belarmino\/wp-json\/wp\/v2\/users\/16"}],"replies":[{"embeddable":true,"href":"https:\/\/blogs.elcomercio.es\/reflexiones-de-belarmino\/wp-json\/wp\/v2\/comments?post=33924"}],"version-history":[{"count":2,"href":"https:\/\/blogs.elcomercio.es\/reflexiones-de-belarmino\/wp-json\/wp\/v2\/posts\/33924\/revisions"}],"predecessor-version":[{"id":33926,"href":"https:\/\/blogs.elcomercio.es\/reflexiones-de-belarmino\/wp-json\/wp\/v2\/posts\/33924\/revisions\/33926"}],"wp:attachment":[{"href":"https:\/\/blogs.elcomercio.es\/reflexiones-de-belarmino\/wp-json\/wp\/v2\/media?parent=33924"}],"wp:term":[{"taxonomy":"category","embeddable":true,"href":"https:\/\/blogs.elcomercio.es\/reflexiones-de-belarmino\/wp-json\/wp\/v2\/categories?post=33924"},{"taxonomy":"post_tag","embeddable":true,"href":"https:\/\/blogs.elcomercio.es\/reflexiones-de-belarmino\/wp-json\/wp\/v2\/tags?post=33924"}],"curies":[{"name":"wp","href":"https:\/\/api.w.org\/{rel}","templated":true}]}}