{"id":33928,"date":"2024-01-03T18:07:08","date_gmt":"2024-01-03T17:07:08","guid":{"rendered":"https:\/\/blogs.elcomercio.es\/reflexiones-de-belarmino\/?p=33928"},"modified":"2024-01-03T18:07:08","modified_gmt":"2024-01-03T17:07:08","slug":"jennifer-hermoso-contratado-por-el-tigres-de-nuevo-leon-tras-dificultades-en-espana","status":"publish","type":"post","link":"https:\/\/blogs.elcomercio.es\/reflexiones-de-belarmino\/2024\/01\/03\/jennifer-hermoso-contratado-por-el-tigres-de-nuevo-leon-tras-dificultades-en-espana\/","title":{"rendered":"\u00a1\u00a1\u00a1\u00a1JENNIFER HERMOSO CONTRATADO POR EL &#8220;TIGRES&#8221; DE NUEVO LEON , TRAS DIFICULTADES EN ESPA\u00d1A!!!"},"content":{"rendered":"<p><b>Termin\u00f3 su contrato en el Pachuca, e intento incorporarse\u00a0al futbol espa\u00f1ol, donde nadie quiso enfrentarse con Rubiales y la Federaci\u00f3n. DE inmediato ele &#8221; Tigres&#8221; de la Universidad Aut\u00f3noma\u00a0de Nuevo Le\u00f3n en M\u00e9xico la ha contratado.<\/b><\/p>\n<!-- AddThis Advanced Settings generic via filter on the_content --><!-- AddThis Share Buttons generic via filter on the_content -->","protected":false},"excerpt":{"rendered":"<p>Termin\u00f3 su contrato en el Pachuca, e intento incorporarse\u00a0al futbol espa\u00f1ol, donde nadie quiso enfrentarse con Rubiales y la Federaci\u00f3n. DE inmediato ele &#8221; Tigres&#8221; de la Universidad Aut\u00f3noma\u00a0de Nuevo Le\u00f3n en M\u00e9xico la ha contratado.<!-- AddThis Advanced Settings generic via filter on get_the_excerpt --><!-- AddThis Share Buttons generic via filter on get_the_excerpt --><\/p>\n","protected":false},"author":16,"featured_media":0,"comment_status":"open","ping_status":"closed","sticky":false,"template":"","format":"standard","meta":[],"categories":[1],"tags":[],"_links":{"self":[{"href":"https:\/\/blogs.elcomercio.es\/reflexiones-de-belarmino\/wp-json\/wp\/v2\/posts\/33928"}],"collection":[{"href":"https:\/\/blogs.elcomercio.es\/reflexiones-de-belarmino\/wp-json\/wp\/v2\/posts"}],"about":[{"href":"https:\/\/blogs.elcomercio.es\/reflexiones-de-belarmino\/wp-json\/wp\/v2\/types\/post"}],"author":[{"embeddable":true,"href":"https:\/\/blogs.elcomercio.es\/reflexiones-de-belarmino\/wp-json\/wp\/v2\/users\/16"}],"replies":[{"embeddable":true,"href":"https:\/\/blogs.elcomercio.es\/reflexiones-de-belarmino\/wp-json\/wp\/v2\/comments?post=33928"}],"version-history":[{"count":1,"href":"https:\/\/blogs.elcomercio.es\/reflexiones-de-belarmino\/wp-json\/wp\/v2\/posts\/33928\/revisions"}],"predecessor-version":[{"id":33929,"href":"https:\/\/blogs.elcomercio.es\/reflexiones-de-belarmino\/wp-json\/wp\/v2\/posts\/33928\/revisions\/33929"}],"wp:attachment":[{"href":"https:\/\/blogs.elcomercio.es\/reflexiones-de-belarmino\/wp-json\/wp\/v2\/media?parent=33928"}],"wp:term":[{"taxonomy":"category","embeddable":true,"href":"https:\/\/blogs.elcomercio.es\/reflexiones-de-belarmino\/wp-json\/wp\/v2\/categories?post=33928"},{"taxonomy":"post_tag","embeddable":true,"href":"https:\/\/blogs.elcomercio.es\/reflexiones-de-belarmino\/wp-json\/wp\/v2\/tags?post=33928"}],"curies":[{"name":"wp","href":"https:\/\/api.w.org\/{rel}","templated":true}]}}