{"id":33943,"date":"2024-01-05T12:28:41","date_gmt":"2024-01-05T11:28:41","guid":{"rendered":"https:\/\/blogs.elcomercio.es\/reflexiones-de-belarmino\/?p=33943"},"modified":"2024-01-05T12:28:41","modified_gmt":"2024-01-05T11:28:41","slug":"a-matar-a-cristianos-y-judios-en-europa-orden-del-estado-islamico-sunitta-levantado-por-aznar","status":"publish","type":"post","link":"https:\/\/blogs.elcomercio.es\/reflexiones-de-belarmino\/2024\/01\/05\/a-matar-a-cristianos-y-judios-en-europa-orden-del-estado-islamico-sunitta-levantado-por-aznar\/","title":{"rendered":"\u00a1\u00a1\u00a1\u00a1&#8221;A MATAR A CRISTIANOS Y JUDIOS EN EUROPA&#8221;, ORDEN DEL ESTADO ISLAMICO, SUNITTA, LEVANTADO POR AZNAR!!!!"},"content":{"rendered":"<p><b>Se complica la situaci\u00f3n en Medio Oriente. Al ataque a los chiitas, por parte de Israel,\u00a0 ha complicado la situaci\u00f3n de Medio Oriente, en forma considerable. Hasta\u00a0ahora\u00a0eran los\u00a0grupos chiitas, Hamas, Hezbola, Huties, Ir\u00e1n, los que enfrentaban a Israel. Pero ayer\u00a0surgi\u00f3 la\u00a0sorpresa. Aquel\u00a0 Estado Isl\u00e1mico\u00a0que pudo\u00a0reorganizarse en el ataque a Sadam, donde ya Bush, Blair se disculparon por mentir, Jos\u00e9 Mar\u00eda Aznar que nunca pidi\u00f3 perd\u00f3n, apareci\u00f3 sorpresivamente en Ir\u00e1n, con dos comandos suicidas que mataron a 100 personas en el homenaje a Soleim\u00e1n, y que ayer el ESTADO ISLAMICO, que va contra cristianos y jud\u00edos\u00a0desde hace a\u00f1os, reivindic\u00f3, lo cual complica la delicada situaci\u00f3n en la regi\u00f3n-<\/b><\/p>\n<p><b>Hoy el Estado Isl\u00e1mico, ha ordenado MATAR A CRISTIANOS Y JUDIOS EN EUROPA, con cualquier m\u00e9todo. Recordemos que ellos llamaron a sus &#8220;lobos solitarios&#8221; a usar autos, camones, martillos, cuchillos para acabar con la vida en Europa\u00a0de cristianaos y jud\u00edos-<\/b><\/p>\n<p><b>El ataque a los trenes\u00a0 en Atocha, que hizo caer al gobierno de Aznar, y que el siempre defendi\u00f3 que era ETA, mintiendo diciendo\u00a0que era ETA, hasta que aquel fin de semana, en una ejemplar\u00a0acci\u00f3n apreciada en todo el mundo, el pueblo espa\u00f1ol no se dej\u00f3 enga\u00f1ar y gan\u00f3 Zapatero.<\/b><\/p>\n<p><b>Habr\u00e1 novedades en Europa, y sobre todo en Espa\u00f1a. No olvida\u00a0el Estado Isl\u00e1mico la acci\u00f3n\u00a0de Aznar.<\/b><\/p>\n<p>&nbsp;<\/p>\n<p>&nbsp;<\/p>\n<!-- AddThis Advanced Settings generic via filter on the_content --><!-- AddThis Share Buttons generic via filter on the_content -->","protected":false},"excerpt":{"rendered":"<p>Se complica la situaci\u00f3n en Medio Oriente. Al ataque a los chiitas, por parte de Israel,\u00a0 ha complicado la situaci\u00f3n de Medio Oriente, en forma considerable. Hasta\u00a0ahora\u00a0eran los\u00a0grupos chiitas, Hamas, Hezbola, Huties, Ir\u00e1n, los que enfrentaban a Israel. Pero ayer\u00a0surgi\u00f3 la\u00a0sorpresa. Aquel\u00a0 Estado Isl\u00e1mico\u00a0que pudo\u00a0reorganizarse en el ataque a Sadam, donde ya Bush, Blair se [&hellip;]<!-- AddThis Advanced Settings generic via filter on get_the_excerpt --><!-- AddThis Share Buttons generic via filter on get_the_excerpt --><\/p>\n","protected":false},"author":16,"featured_media":0,"comment_status":"open","ping_status":"closed","sticky":false,"template":"","format":"standard","meta":[],"categories":[1],"tags":[],"_links":{"self":[{"href":"https:\/\/blogs.elcomercio.es\/reflexiones-de-belarmino\/wp-json\/wp\/v2\/posts\/33943"}],"collection":[{"href":"https:\/\/blogs.elcomercio.es\/reflexiones-de-belarmino\/wp-json\/wp\/v2\/posts"}],"about":[{"href":"https:\/\/blogs.elcomercio.es\/reflexiones-de-belarmino\/wp-json\/wp\/v2\/types\/post"}],"author":[{"embeddable":true,"href":"https:\/\/blogs.elcomercio.es\/reflexiones-de-belarmino\/wp-json\/wp\/v2\/users\/16"}],"replies":[{"embeddable":true,"href":"https:\/\/blogs.elcomercio.es\/reflexiones-de-belarmino\/wp-json\/wp\/v2\/comments?post=33943"}],"version-history":[{"count":2,"href":"https:\/\/blogs.elcomercio.es\/reflexiones-de-belarmino\/wp-json\/wp\/v2\/posts\/33943\/revisions"}],"predecessor-version":[{"id":33945,"href":"https:\/\/blogs.elcomercio.es\/reflexiones-de-belarmino\/wp-json\/wp\/v2\/posts\/33943\/revisions\/33945"}],"wp:attachment":[{"href":"https:\/\/blogs.elcomercio.es\/reflexiones-de-belarmino\/wp-json\/wp\/v2\/media?parent=33943"}],"wp:term":[{"taxonomy":"category","embeddable":true,"href":"https:\/\/blogs.elcomercio.es\/reflexiones-de-belarmino\/wp-json\/wp\/v2\/categories?post=33943"},{"taxonomy":"post_tag","embeddable":true,"href":"https:\/\/blogs.elcomercio.es\/reflexiones-de-belarmino\/wp-json\/wp\/v2\/tags?post=33943"}],"curies":[{"name":"wp","href":"https:\/\/api.w.org\/{rel}","templated":true}]}}