{"id":33946,"date":"2024-01-08T12:10:36","date_gmt":"2024-01-08T11:10:36","guid":{"rendered":"https:\/\/blogs.elcomercio.es\/reflexiones-de-belarmino\/?p=33946"},"modified":"2024-01-08T12:10:36","modified_gmt":"2024-01-08T11:10:36","slug":"no-lo-olvide-el-8-de-febrero-del-2024-puede-cambiar-nuestras-vidas","status":"publish","type":"post","link":"https:\/\/blogs.elcomercio.es\/reflexiones-de-belarmino\/2024\/01\/08\/no-lo-olvide-el-8-de-febrero-del-2024-puede-cambiar-nuestras-vidas\/","title":{"rendered":"\u00a1\u00a1NO LO OLVIDE, EL 8 DE FEBRERO DEL 2024, PUEDE CAMBIAR NUESTRAS VIDAS !!!"},"content":{"rendered":"<p><b>\u00bf Por qu\u00e9?. Pues ese d\u00eda el Tribunal Supremo de los Estados\u00a0Unidos, decidir\u00e1 si Trump puede ser candidato\u00a0a la presidencia a no. De los 5 juicios que tiene, uno, el de la negativa de dos Estados, Colorado y Delaware\u00a0 para impedir que figura en sus boletas, es el principal, y el lo sabe. El Tribunal Supremo, m\u00e1xima autoridad judicial de aquel pa\u00eds, de mayor\u00eda conservadora nombrada por Trump, debe decidir el 8 de febtrero, si puede hacerlo o no. La votaci\u00f3n entre los 7, deber\u00e1 de decidir SI DONALD TRUMP PUEDE, O NO, PARTICIPAR EN LAS ELECCIONES.<\/b><\/p>\n<p><b>Imaginemos el escenario y ubiqu\u00e9moslo\u00a0\u00a0en nuestra vida\u00a0personal. Trump, encabeza las encuestas como candidato\u00a0republicano y por encima de Biden.\u00a0 Si participa y gana, ya sabemos el camino de las ultraderechas\u00a0en el mundo. Si lo rechazan, 40 millones de norteamericanos que lo votaron y que mantienen que hubo fraude, son presa facial para una campa\u00f1a al estilo de Trump.<\/b><\/p>\n<p><b>Muchos se rieron, cuando alertaron hace un a\u00f1o y medio los generales y almirantes, el riesgo de fractura\u00a0en la mayor potencia mundial, inclusive\u00a0se\u00a0ha hablado, entre ellos, de un Golpe de Estado, nos repercutir\u00e1 a todos en el mundo.\u00bf Nos equivocamos ?<\/b><\/p>\n<!-- AddThis Advanced Settings generic via filter on the_content --><!-- AddThis Share Buttons generic via filter on the_content -->","protected":false},"excerpt":{"rendered":"<p>\u00bf Por qu\u00e9?. Pues ese d\u00eda el Tribunal Supremo de los Estados\u00a0Unidos, decidir\u00e1 si Trump puede ser candidato\u00a0a la presidencia a no. De los 5 juicios que tiene, uno, el de la negativa de dos Estados, Colorado y Delaware\u00a0 para impedir que figura en sus boletas, es el principal, y el lo sabe. El Tribunal [&hellip;]<!-- AddThis Advanced Settings generic via filter on get_the_excerpt --><!-- AddThis Share Buttons generic via filter on get_the_excerpt --><\/p>\n","protected":false},"author":16,"featured_media":0,"comment_status":"open","ping_status":"closed","sticky":false,"template":"","format":"standard","meta":[],"categories":[1],"tags":[],"_links":{"self":[{"href":"https:\/\/blogs.elcomercio.es\/reflexiones-de-belarmino\/wp-json\/wp\/v2\/posts\/33946"}],"collection":[{"href":"https:\/\/blogs.elcomercio.es\/reflexiones-de-belarmino\/wp-json\/wp\/v2\/posts"}],"about":[{"href":"https:\/\/blogs.elcomercio.es\/reflexiones-de-belarmino\/wp-json\/wp\/v2\/types\/post"}],"author":[{"embeddable":true,"href":"https:\/\/blogs.elcomercio.es\/reflexiones-de-belarmino\/wp-json\/wp\/v2\/users\/16"}],"replies":[{"embeddable":true,"href":"https:\/\/blogs.elcomercio.es\/reflexiones-de-belarmino\/wp-json\/wp\/v2\/comments?post=33946"}],"version-history":[{"count":2,"href":"https:\/\/blogs.elcomercio.es\/reflexiones-de-belarmino\/wp-json\/wp\/v2\/posts\/33946\/revisions"}],"predecessor-version":[{"id":33948,"href":"https:\/\/blogs.elcomercio.es\/reflexiones-de-belarmino\/wp-json\/wp\/v2\/posts\/33946\/revisions\/33948"}],"wp:attachment":[{"href":"https:\/\/blogs.elcomercio.es\/reflexiones-de-belarmino\/wp-json\/wp\/v2\/media?parent=33946"}],"wp:term":[{"taxonomy":"category","embeddable":true,"href":"https:\/\/blogs.elcomercio.es\/reflexiones-de-belarmino\/wp-json\/wp\/v2\/categories?post=33946"},{"taxonomy":"post_tag","embeddable":true,"href":"https:\/\/blogs.elcomercio.es\/reflexiones-de-belarmino\/wp-json\/wp\/v2\/tags?post=33946"}],"curies":[{"name":"wp","href":"https:\/\/api.w.org\/{rel}","templated":true}]}}