{"id":33949,"date":"2024-01-08T12:42:35","date_gmt":"2024-01-08T11:42:35","guid":{"rendered":"https:\/\/blogs.elcomercio.es\/reflexiones-de-belarmino\/?p=33949"},"modified":"2024-01-08T12:42:35","modified_gmt":"2024-01-08T11:42:35","slug":"los-22-kilometros-que-tienen-en-jaque-al-mundo-bab-al-manbab-el-foco-mundial-de-atencion","status":"publish","type":"post","link":"https:\/\/blogs.elcomercio.es\/reflexiones-de-belarmino\/2024\/01\/08\/los-22-kilometros-que-tienen-en-jaque-al-mundo-bab-al-manbab-el-foco-mundial-de-atencion\/","title":{"rendered":"\u00a1\u00a1\u00a1LOS 22 KILOMETROS QUE TIENEN EN JAQUE AL MUNDO.BAB al MANBAB, EL FOCO MUNDIAL DE ATENCI\u00d3N !!!"},"content":{"rendered":"<p><b>Este estrecho entre Yemen y Yibuti, tiene tan s\u00f3lo 3 kil\u00f3metros m\u00e1s que el Estrecho de Gibraltar, pero por \u00e9l circula el 12\u00a0 % del comercio mundial y el 30 % de los contenedores del mundo. Hoy se concentran en esa zona que controlan los hut\u00edes de Yemen, aliados de Hamas y Hezbol\u00e1,\u00a0 el portaviones USS D. Eisenhower, con destructores\u00a0y otras naves de guerra, se incorpora a la armada China, de la India y de Ir\u00e1n presentes en el Zona.<\/b><br \/>\n<strong>Es consecuencia del conflicto entre Israel y los palestinos, donde adem\u00e1s de Ham\u00e1s, todav\u00eda presente en la Franja de Gaza, est\u00e1 Hezbol\u00e1\u00a0 y los huties, que con los ataques al\u00a0<\/strong><b>L\u00edbano han recrudecido el conflicto que est\u00e1 a apunto de extenderse por Oriente Medio, y es en este momento el centro neur\u00e1lgico\u00a0en el mundo.<\/b><\/p>\n<p><b>Independientemente de la extensi\u00f3n\u00a0militar del conflicto, hoy con 1,000 barcos queriendo cruzar el Mar Rojo, ha hecho que las principales navieras\u00a0del mundo, hayan escogido bordear \u00c1frica, en lugar del riesgo\u00a0del Mar Rojo y el Canal de Suez.<\/b><\/p>\n<p><b>El comercio m\u00e1s afectado es el que circula desde Asia hasta Rotterdam, el principal puerto europeo, y sus secuencias\u00a0se empiezan a notar\u00a0en Espa\u00f1a, en las empresas Michel\u00edn, que ya no les llega el caucho para sus productos.<\/b><\/p>\n<p><b>Netanyahu<\/b><strong>\u00a0va a llevara la guerra hasta el final, por que cuando termine, el termina por sus problemas judiciales.<\/strong><\/p>\n<p><b>Y, por donde, la salida a los dos\u00a0estados ISRAEL Y PALESTINA, puede surgir fortalecido de este conflicto, por que Israel ha perdido la batalla de los medios. Hasta ahora, todo lo que sab\u00edamos\u00a0de El Holocausto, fue gracias, y lo hicieron muy\u00a0bien y nos indignaron, a trav\u00e9s de Hollywood,, pero en tiempo real el mundo ha conocido lo que esta haciendo (hasta hoy 23,000 muertos palestinos) Israel con los palestinos, pero ,adem\u00e1s lo que han hecho en 75 a\u00f1os.<\/b><\/p>\n<p>&nbsp;<\/p>\n<p>&nbsp;<\/p>\n<p>&nbsp;<\/p>\n<p>&nbsp;<\/p>\n<p>&nbsp;<\/p>\n<p>&nbsp;<\/p>\n<!-- AddThis Advanced Settings generic via filter on the_content --><!-- AddThis Share Buttons generic via filter on the_content -->","protected":false},"excerpt":{"rendered":"<p>Este estrecho entre Yemen y Yibuti, tiene tan s\u00f3lo 3 kil\u00f3metros m\u00e1s que el Estrecho de Gibraltar, pero por \u00e9l circula el 12\u00a0 % del comercio mundial y el 30 % de los contenedores del mundo. Hoy se concentran en esa zona que controlan los hut\u00edes de Yemen, aliados de Hamas y Hezbol\u00e1,\u00a0 el portaviones [&hellip;]<!-- AddThis Advanced Settings generic via filter on get_the_excerpt --><!-- AddThis Share Buttons generic via filter on get_the_excerpt --><\/p>\n","protected":false},"author":16,"featured_media":0,"comment_status":"open","ping_status":"closed","sticky":false,"template":"","format":"standard","meta":[],"categories":[1],"tags":[],"_links":{"self":[{"href":"https:\/\/blogs.elcomercio.es\/reflexiones-de-belarmino\/wp-json\/wp\/v2\/posts\/33949"}],"collection":[{"href":"https:\/\/blogs.elcomercio.es\/reflexiones-de-belarmino\/wp-json\/wp\/v2\/posts"}],"about":[{"href":"https:\/\/blogs.elcomercio.es\/reflexiones-de-belarmino\/wp-json\/wp\/v2\/types\/post"}],"author":[{"embeddable":true,"href":"https:\/\/blogs.elcomercio.es\/reflexiones-de-belarmino\/wp-json\/wp\/v2\/users\/16"}],"replies":[{"embeddable":true,"href":"https:\/\/blogs.elcomercio.es\/reflexiones-de-belarmino\/wp-json\/wp\/v2\/comments?post=33949"}],"version-history":[{"count":2,"href":"https:\/\/blogs.elcomercio.es\/reflexiones-de-belarmino\/wp-json\/wp\/v2\/posts\/33949\/revisions"}],"predecessor-version":[{"id":33951,"href":"https:\/\/blogs.elcomercio.es\/reflexiones-de-belarmino\/wp-json\/wp\/v2\/posts\/33949\/revisions\/33951"}],"wp:attachment":[{"href":"https:\/\/blogs.elcomercio.es\/reflexiones-de-belarmino\/wp-json\/wp\/v2\/media?parent=33949"}],"wp:term":[{"taxonomy":"category","embeddable":true,"href":"https:\/\/blogs.elcomercio.es\/reflexiones-de-belarmino\/wp-json\/wp\/v2\/categories?post=33949"},{"taxonomy":"post_tag","embeddable":true,"href":"https:\/\/blogs.elcomercio.es\/reflexiones-de-belarmino\/wp-json\/wp\/v2\/tags?post=33949"}],"curies":[{"name":"wp","href":"https:\/\/api.w.org\/{rel}","templated":true}]}}