{"id":33953,"date":"2024-01-08T12:58:30","date_gmt":"2024-01-08T11:58:30","guid":{"rendered":"https:\/\/blogs.elcomercio.es\/reflexiones-de-belarmino\/?p=33953"},"modified":"2024-01-08T12:58:30","modified_gmt":"2024-01-08T11:58:30","slug":"me-preocupa-los-problemas-que-tiene-mi-hijo-en-espana-juan-carlos-i-en-el-superfestejo-de-100-amigos-en-abudabi","status":"publish","type":"post","link":"https:\/\/blogs.elcomercio.es\/reflexiones-de-belarmino\/2024\/01\/08\/me-preocupa-los-problemas-que-tiene-mi-hijo-en-espana-juan-carlos-i-en-el-superfestejo-de-100-amigos-en-abudabi\/","title":{"rendered":"\u00a1\u00a1\u00a1\u00a1&#8221; ME PREOCUPA LOS PROBLEMAS QUE TIENE MI HIJO EN ESPA\u00d1A&#8221;: JUAN CARLOS I, EN EL SUPERFESTEJO DE 100 AMIGOS EN ABUDABI !!!"},"content":{"rendered":"<p><b>Quede claro, en Espa\u00f1a\u00a0 tendr\u00e1 problemas fiscales o no, , pero\u00a0si huy\u00f3 a Abu Dabi, una semana antes de que venciera el plazo para no caer en manos de Hacienda, y dejar fuera los estimados 3,000 millones de d\u00f3lares\u00a0que tiene en para\u00edsos\u00a0fiscales, ese es un gran problema del Em\u00e9rito. Si para festejar su cumplea\u00f1os, hizo una super fiesta de m\u00e1s de 100 personas en Abudab\u00ed, esos cientos de millones, son de la fortuna ilegitima del Em\u00e9rito.<\/b><\/p>\n<p><strong>Pero, \u00bf que si<\/strong><strong>gnifican esas palabras: ESTOY PREOCUPADO POR LOS PROBLEMAS QUE TIENE MI HIJO EN ESPA\u00d1A ?.<\/strong><\/p>\n<p><b>Se refiere a los problemas de Espa\u00f1a , a las minor\u00edas sociales, al desempleo, a la econom\u00eda, y el enfrentamiento de siempre, o lo que sucede en Zarzuela. Hijos, nietos, pululan por el mundo, sabedores de la herencia, de la fortuna de un hombre que no la ten\u00eda al llegar a La Zarzuela, y que est\u00e1n desesperados por heredar<\/b><\/p>\n<p><b>\u00bfQu\u00e9 se reuni\u00f3 Felip\u00e8 VI con su padres en Abu Dabi, como se publicara\u00a0este mi\u00e9rcoles\u00a0en un libro?-<\/b><\/p>\n<p><b>A veces olvidamos que a un rey lo que le interesa es SONBREVIVIR PARA ENTREGAR EL TITULO AL SUCESOR y que van seg\u00fan\u00a0los vientos acomod\u00e1ndose a lo\u00a0 que pasa en el pa\u00eds, lo cual es secundario para ellos.<\/b><\/p>\n<!-- AddThis Advanced Settings generic via filter on the_content --><!-- AddThis Share Buttons generic via filter on the_content -->","protected":false},"excerpt":{"rendered":"<p>Quede claro, en Espa\u00f1a\u00a0 tendr\u00e1 problemas fiscales o no, , pero\u00a0si huy\u00f3 a Abu Dabi, una semana antes de que venciera el plazo para no caer en manos de Hacienda, y dejar fuera los estimados 3,000 millones de d\u00f3lares\u00a0que tiene en para\u00edsos\u00a0fiscales, ese es un gran problema del Em\u00e9rito. Si para festejar su cumplea\u00f1os, hizo [&hellip;]<!-- AddThis Advanced Settings generic via filter on get_the_excerpt --><!-- AddThis Share Buttons generic via filter on get_the_excerpt --><\/p>\n","protected":false},"author":16,"featured_media":0,"comment_status":"open","ping_status":"closed","sticky":false,"template":"","format":"standard","meta":[],"categories":[1],"tags":[],"_links":{"self":[{"href":"https:\/\/blogs.elcomercio.es\/reflexiones-de-belarmino\/wp-json\/wp\/v2\/posts\/33953"}],"collection":[{"href":"https:\/\/blogs.elcomercio.es\/reflexiones-de-belarmino\/wp-json\/wp\/v2\/posts"}],"about":[{"href":"https:\/\/blogs.elcomercio.es\/reflexiones-de-belarmino\/wp-json\/wp\/v2\/types\/post"}],"author":[{"embeddable":true,"href":"https:\/\/blogs.elcomercio.es\/reflexiones-de-belarmino\/wp-json\/wp\/v2\/users\/16"}],"replies":[{"embeddable":true,"href":"https:\/\/blogs.elcomercio.es\/reflexiones-de-belarmino\/wp-json\/wp\/v2\/comments?post=33953"}],"version-history":[{"count":2,"href":"https:\/\/blogs.elcomercio.es\/reflexiones-de-belarmino\/wp-json\/wp\/v2\/posts\/33953\/revisions"}],"predecessor-version":[{"id":33955,"href":"https:\/\/blogs.elcomercio.es\/reflexiones-de-belarmino\/wp-json\/wp\/v2\/posts\/33953\/revisions\/33955"}],"wp:attachment":[{"href":"https:\/\/blogs.elcomercio.es\/reflexiones-de-belarmino\/wp-json\/wp\/v2\/media?parent=33953"}],"wp:term":[{"taxonomy":"category","embeddable":true,"href":"https:\/\/blogs.elcomercio.es\/reflexiones-de-belarmino\/wp-json\/wp\/v2\/categories?post=33953"},{"taxonomy":"post_tag","embeddable":true,"href":"https:\/\/blogs.elcomercio.es\/reflexiones-de-belarmino\/wp-json\/wp\/v2\/tags?post=33953"}],"curies":[{"name":"wp","href":"https:\/\/api.w.org\/{rel}","templated":true}]}}