{"id":33986,"date":"2024-01-10T11:50:08","date_gmt":"2024-01-10T10:50:08","guid":{"rendered":"https:\/\/blogs.elcomercio.es\/reflexiones-de-belarmino\/?p=33986"},"modified":"2024-01-10T11:50:08","modified_gmt":"2024-01-10T10:50:08","slug":"se-aprobaran-a-las-tres-de-la-tarde-via-telematica-los-3-decretos-anticrisis-a-pesar-de-dudas","status":"publish","type":"post","link":"https:\/\/blogs.elcomercio.es\/reflexiones-de-belarmino\/2024\/01\/10\/se-aprobaran-a-las-tres-de-la-tarde-via-telematica-los-3-decretos-anticrisis-a-pesar-de-dudas\/","title":{"rendered":"\u00a1\u00a1\u00a1\u00a1\u00a1SE  APROBAR\u00c1N A LAS TRES DE LA TARDE, VIA TELEMATICA, LOS 3 DECRETOS ANTICRISIS, A PESAR DE DUDAS !!!"},"content":{"rendered":"<p><b>Llevan horas de discusi\u00f3n en el edificio del Senado habilitado hoy por obras en el Congreso los 3 Decretos Anticresis\u00a0presentados por el gobierno.Hay preocupaci\u00f3n en \u00e9l. Junts no ha subido a la tribuna, mientras ya todos los grupos han intervenido en la l\u00ednea esperada. Puigdemont, sabedor del papel que tiene, resultados de las elecciones en las urnas, de nuevo mantiene la soberbia natural que un d\u00eda le pasar\u00e1 factura.<\/b><\/p>\n<p><strong>Hoy, votar\u00e1n a favor \u00e9l y su grupo, tras sacarle al gobierno lo mas que puedan, pero al final saldr\u00e1n las cuentas por que ,reiteramos, nadie quiere repetir elecciones hoy, y menos, ante el avance de la ultraderecha en Europa, en Francia y Alemania, ni pensar en que Abascal llegue a la Vicepresidencia,<\/strong><\/p>\n<p><strong>La reuni\u00f3n ayer en Alemania, de 100 personas en la calle cantando los himnos nazis, ha preocupado, lo mismo que la debilidad de Macr\u00f3n<\/strong><\/p>\n<!-- AddThis Advanced Settings generic via filter on the_content --><!-- AddThis Share Buttons generic via filter on the_content -->","protected":false},"excerpt":{"rendered":"<p>Llevan horas de discusi\u00f3n en el edificio del Senado habilitado hoy por obras en el Congreso los 3 Decretos Anticresis\u00a0presentados por el gobierno.Hay preocupaci\u00f3n en \u00e9l. Junts no ha subido a la tribuna, mientras ya todos los grupos han intervenido en la l\u00ednea esperada. Puigdemont, sabedor del papel que tiene, resultados de las elecciones en [&hellip;]<!-- AddThis Advanced Settings generic via filter on get_the_excerpt --><!-- AddThis Share Buttons generic via filter on get_the_excerpt --><\/p>\n","protected":false},"author":16,"featured_media":0,"comment_status":"open","ping_status":"closed","sticky":false,"template":"","format":"standard","meta":[],"categories":[1],"tags":[],"_links":{"self":[{"href":"https:\/\/blogs.elcomercio.es\/reflexiones-de-belarmino\/wp-json\/wp\/v2\/posts\/33986"}],"collection":[{"href":"https:\/\/blogs.elcomercio.es\/reflexiones-de-belarmino\/wp-json\/wp\/v2\/posts"}],"about":[{"href":"https:\/\/blogs.elcomercio.es\/reflexiones-de-belarmino\/wp-json\/wp\/v2\/types\/post"}],"author":[{"embeddable":true,"href":"https:\/\/blogs.elcomercio.es\/reflexiones-de-belarmino\/wp-json\/wp\/v2\/users\/16"}],"replies":[{"embeddable":true,"href":"https:\/\/blogs.elcomercio.es\/reflexiones-de-belarmino\/wp-json\/wp\/v2\/comments?post=33986"}],"version-history":[{"count":1,"href":"https:\/\/blogs.elcomercio.es\/reflexiones-de-belarmino\/wp-json\/wp\/v2\/posts\/33986\/revisions"}],"predecessor-version":[{"id":33987,"href":"https:\/\/blogs.elcomercio.es\/reflexiones-de-belarmino\/wp-json\/wp\/v2\/posts\/33986\/revisions\/33987"}],"wp:attachment":[{"href":"https:\/\/blogs.elcomercio.es\/reflexiones-de-belarmino\/wp-json\/wp\/v2\/media?parent=33986"}],"wp:term":[{"taxonomy":"category","embeddable":true,"href":"https:\/\/blogs.elcomercio.es\/reflexiones-de-belarmino\/wp-json\/wp\/v2\/categories?post=33986"},{"taxonomy":"post_tag","embeddable":true,"href":"https:\/\/blogs.elcomercio.es\/reflexiones-de-belarmino\/wp-json\/wp\/v2\/tags?post=33986"}],"curies":[{"name":"wp","href":"https:\/\/api.w.org\/{rel}","templated":true}]}}