{"id":34052,"date":"2024-01-13T18:38:28","date_gmt":"2024-01-13T17:38:28","guid":{"rendered":"https:\/\/blogs.elcomercio.es\/reflexiones-de-belarmino\/?p=34052"},"modified":"2024-01-13T18:38:28","modified_gmt":"2024-01-13T17:38:28","slug":"la-subida-del-salario-minimo-beneficia-a-61000-asturianos-y-a-300000-la-subida-de-las-pensiones","status":"publish","type":"post","link":"https:\/\/blogs.elcomercio.es\/reflexiones-de-belarmino\/2024\/01\/13\/la-subida-del-salario-minimo-beneficia-a-61000-asturianos-y-a-300000-la-subida-de-las-pensiones\/","title":{"rendered":"\u00a1\u00a1\u00a1LA SUBIDA DEL SALARIO M\u00cdNIMO BENEFICIA A 61,000 ASTURIANOS Y A 300,000 LA SUBIDA DE LAS PENSIONES !!!"},"content":{"rendered":"<p><b>Si quitamos el ruido, producto de quien es derrotado, la realidad es que esta semana en Asturias, tan solo, hemos salido beneficiados\u00a061,000 mujeres y hombres y 300,000\u00a0 pensionistas tambi\u00e9n se han visto beneficiados.Decenas de a\u00f1os sin sentir aumentos, ha sido con el Gobierno de Coalici\u00f3n, el que ha impulsado las reformas para los m\u00e1s d\u00e9biles. El autor, con la no contributiva, tras 17 a\u00f1os con 470 euros ha logrado 50 euros m\u00e1s al mes, y por edad, 14 pagas\u00a0en lugar de las 12 del salario m\u00ednimo\u00a0vital que recib\u00ed.<\/b><\/p>\n<p><strong>Y no piensos en mi, sino en las familias m\u00e1s desprotegidas y sus hijos,\u00a0 con quien a diario convivo en el Cerillero<\/strong><\/p>\n<p><b>Y toda Espa\u00f1a ha sentido en su bolsillo, en su econom\u00eda familiar, lo que es un gobierno que se preocupa por ellos.. Por las 100,000 asturianos m\u00e1s, el propio sistema neoliberal, los lleva por si solas. Y no hablemos de los 100 m\u00e1s poderoso, m\u00e1s bien, mas ricos, de la provincia llevan a\u00f1os y a\u00f1os acumulando, como los 50 que tienen en Espa\u00f1a m\u00e1s de mil millones de dolares, sin incluir sus casas, autom\u00f3viles\u00a0y obras de arte.<\/b><\/p>\n<p>&nbsp;<\/p>\n<!-- AddThis Advanced Settings generic via filter on the_content --><!-- AddThis Share Buttons generic via filter on the_content -->","protected":false},"excerpt":{"rendered":"<p>Si quitamos el ruido, producto de quien es derrotado, la realidad es que esta semana en Asturias, tan solo, hemos salido beneficiados\u00a061,000 mujeres y hombres y 300,000\u00a0 pensionistas tambi\u00e9n se han visto beneficiados.Decenas de a\u00f1os sin sentir aumentos, ha sido con el Gobierno de Coalici\u00f3n, el que ha impulsado las reformas para los m\u00e1s d\u00e9biles. [&hellip;]<!-- AddThis Advanced Settings generic via filter on get_the_excerpt --><!-- AddThis Share Buttons generic via filter on get_the_excerpt --><\/p>\n","protected":false},"author":16,"featured_media":0,"comment_status":"open","ping_status":"closed","sticky":false,"template":"","format":"standard","meta":[],"categories":[1],"tags":[],"_links":{"self":[{"href":"https:\/\/blogs.elcomercio.es\/reflexiones-de-belarmino\/wp-json\/wp\/v2\/posts\/34052"}],"collection":[{"href":"https:\/\/blogs.elcomercio.es\/reflexiones-de-belarmino\/wp-json\/wp\/v2\/posts"}],"about":[{"href":"https:\/\/blogs.elcomercio.es\/reflexiones-de-belarmino\/wp-json\/wp\/v2\/types\/post"}],"author":[{"embeddable":true,"href":"https:\/\/blogs.elcomercio.es\/reflexiones-de-belarmino\/wp-json\/wp\/v2\/users\/16"}],"replies":[{"embeddable":true,"href":"https:\/\/blogs.elcomercio.es\/reflexiones-de-belarmino\/wp-json\/wp\/v2\/comments?post=34052"}],"version-history":[{"count":2,"href":"https:\/\/blogs.elcomercio.es\/reflexiones-de-belarmino\/wp-json\/wp\/v2\/posts\/34052\/revisions"}],"predecessor-version":[{"id":34054,"href":"https:\/\/blogs.elcomercio.es\/reflexiones-de-belarmino\/wp-json\/wp\/v2\/posts\/34052\/revisions\/34054"}],"wp:attachment":[{"href":"https:\/\/blogs.elcomercio.es\/reflexiones-de-belarmino\/wp-json\/wp\/v2\/media?parent=34052"}],"wp:term":[{"taxonomy":"category","embeddable":true,"href":"https:\/\/blogs.elcomercio.es\/reflexiones-de-belarmino\/wp-json\/wp\/v2\/categories?post=34052"},{"taxonomy":"post_tag","embeddable":true,"href":"https:\/\/blogs.elcomercio.es\/reflexiones-de-belarmino\/wp-json\/wp\/v2\/tags?post=34052"}],"curies":[{"name":"wp","href":"https:\/\/api.w.org\/{rel}","templated":true}]}}