{"id":34065,"date":"2024-01-14T12:48:18","date_gmt":"2024-01-14T11:48:18","guid":{"rendered":"https:\/\/blogs.elcomercio.es\/reflexiones-de-belarmino\/?p=34065"},"modified":"2024-01-14T12:48:18","modified_gmt":"2024-01-14T11:48:18","slug":"ni-la-haya-ni-nadie-detendra-la-ofensiva-contra-hamasbenjamin-netanyahu","status":"publish","type":"post","link":"https:\/\/blogs.elcomercio.es\/reflexiones-de-belarmino\/2024\/01\/14\/ni-la-haya-ni-nadie-detendra-la-ofensiva-contra-hamasbenjamin-netanyahu\/","title":{"rendered":"\u00a1\u00a1\u00a1\u00a1\u00a1&#8221; NI LA HAYA, NI NADIE, DETENDRA LA OFENSIVA CONTRA HAMAS&#8221;:BENJAMIN NETANYAHU !!!"},"content":{"rendered":"<p><b>M\u00e1s claro , ni el agua. Ayer Israel ret\u00f3 al mundo, y a todas las organismos\u00a0internacionales, al decir,categ\u00f3rico: \u00a1\u00a1 NI LA HAYA, NI NADIE, DETENDR\u00c1\u00a0NUESTRA OFENSIVA CONTRAS HAMAS !!. Bien, ahora ya sabemos en el mundo a que atenernos con Israel, que est\u00e1 mostrando una cara real a pesar de Hollywood., gracias a las inexistentes, antes, redes sociales.<\/b><\/p>\n<p><b>Lo ten\u00edan claro Ham\u00e1s(que sigue viva tres tres meses y 24,000 muertos en Gaza); lo tiene claro\u00a0Hizbol\u00e1, y por supuesto los hut\u00edes.\u00a0<\/b><\/p>\n<p><b>El intento de genocidio\u00a0contra el pueblo palestino, toda la Naci\u00f3n \u00c1rabe\u00a0lo sabe, pero, s\u00f3lo Ir\u00e1n, act\u00faa. Todas las monarqu\u00edas, jeques de perfil callan, sin saber el futuro\u00a0que les esperan cuando sus pueblos se levanten contra ellos..<\/b><\/p>\n<p><b>Por supuesto, lo saben los israelitas, que siguen a Netanyahu en su peligrosa cruzada de mantener la guerra, a costa de todos, con tal de no perder el poder.Lamentamos siempre el Holocausto\u00a0y hemos llorado\u00a0con ellos, pero aparece ahora el Israel, expulsado de Jerusal\u00e9n en el a\u00f1o 76, y lo que habr\u00e1n sembrado\u00a0a lo largo de los siglos.<\/b><\/p>\n<p>&nbsp;<\/p>\n<!-- AddThis Advanced Settings generic via filter on the_content --><!-- AddThis Share Buttons generic via filter on the_content -->","protected":false},"excerpt":{"rendered":"<p>M\u00e1s claro , ni el agua. Ayer Israel ret\u00f3 al mundo, y a todas las organismos\u00a0internacionales, al decir,categ\u00f3rico: \u00a1\u00a1 NI LA HAYA, NI NADIE, DETENDR\u00c1\u00a0NUESTRA OFENSIVA CONTRAS HAMAS !!. Bien, ahora ya sabemos en el mundo a que atenernos con Israel, que est\u00e1 mostrando una cara real a pesar de Hollywood., gracias a las inexistentes, [&hellip;]<!-- AddThis Advanced Settings generic via filter on get_the_excerpt --><!-- AddThis Share Buttons generic via filter on get_the_excerpt --><\/p>\n","protected":false},"author":16,"featured_media":0,"comment_status":"open","ping_status":"closed","sticky":false,"template":"","format":"standard","meta":[],"categories":[1],"tags":[],"_links":{"self":[{"href":"https:\/\/blogs.elcomercio.es\/reflexiones-de-belarmino\/wp-json\/wp\/v2\/posts\/34065"}],"collection":[{"href":"https:\/\/blogs.elcomercio.es\/reflexiones-de-belarmino\/wp-json\/wp\/v2\/posts"}],"about":[{"href":"https:\/\/blogs.elcomercio.es\/reflexiones-de-belarmino\/wp-json\/wp\/v2\/types\/post"}],"author":[{"embeddable":true,"href":"https:\/\/blogs.elcomercio.es\/reflexiones-de-belarmino\/wp-json\/wp\/v2\/users\/16"}],"replies":[{"embeddable":true,"href":"https:\/\/blogs.elcomercio.es\/reflexiones-de-belarmino\/wp-json\/wp\/v2\/comments?post=34065"}],"version-history":[{"count":2,"href":"https:\/\/blogs.elcomercio.es\/reflexiones-de-belarmino\/wp-json\/wp\/v2\/posts\/34065\/revisions"}],"predecessor-version":[{"id":34067,"href":"https:\/\/blogs.elcomercio.es\/reflexiones-de-belarmino\/wp-json\/wp\/v2\/posts\/34065\/revisions\/34067"}],"wp:attachment":[{"href":"https:\/\/blogs.elcomercio.es\/reflexiones-de-belarmino\/wp-json\/wp\/v2\/media?parent=34065"}],"wp:term":[{"taxonomy":"category","embeddable":true,"href":"https:\/\/blogs.elcomercio.es\/reflexiones-de-belarmino\/wp-json\/wp\/v2\/categories?post=34065"},{"taxonomy":"post_tag","embeddable":true,"href":"https:\/\/blogs.elcomercio.es\/reflexiones-de-belarmino\/wp-json\/wp\/v2\/tags?post=34065"}],"curies":[{"name":"wp","href":"https:\/\/api.w.org\/{rel}","templated":true}]}}