{"id":34081,"date":"2024-01-15T13:03:54","date_gmt":"2024-01-15T12:03:54","guid":{"rendered":"https:\/\/blogs.elcomercio.es\/reflexiones-de-belarmino\/?p=34081"},"modified":"2024-01-15T13:03:54","modified_gmt":"2024-01-15T12:03:54","slug":"el-mayor-ejemplo-del-nepotismo-ilustrado-de-los-tiempos-modernos-davos-empieza-hoy","status":"publish","type":"post","link":"https:\/\/blogs.elcomercio.es\/reflexiones-de-belarmino\/2024\/01\/15\/el-mayor-ejemplo-del-nepotismo-ilustrado-de-los-tiempos-modernos-davos-empieza-hoy\/","title":{"rendered":"\u00a1\u00a1\u00a1\u00a1&#8221;EL MAYOR EJEMPLO DEL  NEPOTISMO ILUSTRADO DE LOS TIEMPOS MODERNOS&#8221;, DAVOS, EMPIEZA HOY !!!"},"content":{"rendered":"<p><strong>Como desde 1971 que la form\u00f3 el economista y diplom\u00e1tico alem\u00e1n Klaus Schwaam todos los a\u00f1os en la ciudad de Ginebra, en Suiza, se realiza el Encuentro Mundial de Davos. Este a\u00f1o en su edici\u00f3n 54, se reunir\u00e1n 100 jefes de Estado y de Gobierno, sin Biden, ni Xi Jinping, ni PUtin pero con presencia de Zelensky, el presidente de Israel Isaac Herzog y Javier Milei el presidente de Argentina.<\/strong><\/p>\n<p><b>Con ellos se re\u00fanen\u00a0los lideres\u00a0de los organismos internacionales y de los grandes bancos del mundo, as\u00ed como representantes de 1,000 empresas asociadas.<\/b><\/p>\n<p><b>El gran Foro de intercambio de informaci\u00f3n, y fuente de grandes negocios que fortalecen el mundo unipolar, tienen como finalidad este a\u00f1o,\u00a0 el &#8221; reconstruirla\u00a0confianza&#8221; y evitar que se cree una crisis permanente.<\/b><\/p>\n<p><strong>Desde hace 54 a\u00f1os, Davos ha permitido mantener el mundo unipolar, sin resolver los grandes problemas mundiales de raiz, por ello suele considerar\u00a0 como el Mayor Ejemplo del Nepotismo Ilustrado de los tiempos modernos.<\/strong><\/p>\n<p>&nbsp;<\/p>\n<!-- AddThis Advanced Settings generic via filter on the_content --><!-- AddThis Share Buttons generic via filter on the_content -->","protected":false},"excerpt":{"rendered":"<p>Como desde 1971 que la form\u00f3 el economista y diplom\u00e1tico alem\u00e1n Klaus Schwaam todos los a\u00f1os en la ciudad de Ginebra, en Suiza, se realiza el Encuentro Mundial de Davos. Este a\u00f1o en su edici\u00f3n 54, se reunir\u00e1n 100 jefes de Estado y de Gobierno, sin Biden, ni Xi Jinping, ni PUtin pero con presencia [&hellip;]<!-- AddThis Advanced Settings generic via filter on get_the_excerpt --><!-- AddThis Share Buttons generic via filter on get_the_excerpt --><\/p>\n","protected":false},"author":16,"featured_media":0,"comment_status":"open","ping_status":"closed","sticky":false,"template":"","format":"standard","meta":[],"categories":[1],"tags":[],"_links":{"self":[{"href":"https:\/\/blogs.elcomercio.es\/reflexiones-de-belarmino\/wp-json\/wp\/v2\/posts\/34081"}],"collection":[{"href":"https:\/\/blogs.elcomercio.es\/reflexiones-de-belarmino\/wp-json\/wp\/v2\/posts"}],"about":[{"href":"https:\/\/blogs.elcomercio.es\/reflexiones-de-belarmino\/wp-json\/wp\/v2\/types\/post"}],"author":[{"embeddable":true,"href":"https:\/\/blogs.elcomercio.es\/reflexiones-de-belarmino\/wp-json\/wp\/v2\/users\/16"}],"replies":[{"embeddable":true,"href":"https:\/\/blogs.elcomercio.es\/reflexiones-de-belarmino\/wp-json\/wp\/v2\/comments?post=34081"}],"version-history":[{"count":2,"href":"https:\/\/blogs.elcomercio.es\/reflexiones-de-belarmino\/wp-json\/wp\/v2\/posts\/34081\/revisions"}],"predecessor-version":[{"id":34083,"href":"https:\/\/blogs.elcomercio.es\/reflexiones-de-belarmino\/wp-json\/wp\/v2\/posts\/34081\/revisions\/34083"}],"wp:attachment":[{"href":"https:\/\/blogs.elcomercio.es\/reflexiones-de-belarmino\/wp-json\/wp\/v2\/media?parent=34081"}],"wp:term":[{"taxonomy":"category","embeddable":true,"href":"https:\/\/blogs.elcomercio.es\/reflexiones-de-belarmino\/wp-json\/wp\/v2\/categories?post=34081"},{"taxonomy":"post_tag","embeddable":true,"href":"https:\/\/blogs.elcomercio.es\/reflexiones-de-belarmino\/wp-json\/wp\/v2\/tags?post=34081"}],"curies":[{"name":"wp","href":"https:\/\/api.w.org\/{rel}","templated":true}]}}