{"id":34101,"date":"2024-01-16T18:22:50","date_gmt":"2024-01-16T17:22:50","guid":{"rendered":"https:\/\/blogs.elcomercio.es\/reflexiones-de-belarmino\/?p=34101"},"modified":"2024-01-16T18:22:50","modified_gmt":"2024-01-16T17:22:50","slug":"18000-kilometros-de-vias-ferreas-no-concesiondas-seran-utilizados-para-los-ferrocarriles-publicos-en-mexico","status":"publish","type":"post","link":"https:\/\/blogs.elcomercio.es\/reflexiones-de-belarmino\/2024\/01\/16\/18000-kilometros-de-vias-ferreas-no-concesiondas-seran-utilizados-para-los-ferrocarriles-publicos-en-mexico\/","title":{"rendered":"\u00a1\u00a1\u00a118,000 KIL\u00d3METROS DE V\u00cdAS F\u00c9RREAS, NO CONCESIONDAS, SER\u00c1N UTILIZADOS PARA LOS FERROCARRILES P\u00daBLICOS EN MEXICO !!!"},"content":{"rendered":"<p><b>&#8220;Era un secreto A voces, , pero finalmente tenemos todas las pruebas&#8221; AMLO.. Zedillo acab\u00f3 con los trenes de pasajeros, dejando para el transporte de mercanc\u00edas\u00a0de las grandes empresas 18,000 kms de v\u00edas\u00a0 f\u00e9rreas.Tras 3 a\u00f1os de discusi\u00f3n con el\u00a0 segundo empresario m\u00e1s rico de M\u00e9xico , el due\u00f1o del Grupo M\u00e9xico\u00a0y otros empresarios, el gobierno tiene ya las pruebas de que nunca fueron concesionados.<\/b><\/p>\n<p><b> Al ser del Estado, el presidente inform\u00f3 que esas 18,000 km de v\u00edas f\u00e9rreas\u00a0de la ciudad de M\u00e9xico a la frontera, ser\u00e1 la base de los siete rutas de los ferrocarriles p\u00fablicos. A \u00e9l no le alcanzar\u00e1 para terminar el proyecto pero le deja todas las bases a Claudia Scheimbaum, casi con toda seguridad la primera y pr\u00f3xima\u00a0Presidenta de la Republica, en el proyecto iniciado por L\u00f3pez Obrador &#8221; JUNTOS ESTAMOS HACIENDO HISTORIA&#8221; ( MORENA, PT Y PVEM).<\/b><\/p>\n<p><b>Esta obra, con el Tren Maya, el Ferrocarril Transismico y otras rutas que existen, permitir\u00e1n unir a M\u00e9xico con el proyecto que tiene Canad\u00e1\u00a0de tener 40,000 kilom\u00e9tricos\u00a0de ferrocarriles para unir Canad\u00e1, Estados Unidos y M\u00e9xico.( en Canad\u00e1\u00a0y Estados Unidos\u00a0ya en funcionamiento).<\/b><\/p>\n<p><strong>Uno de los avances del Tratado Comercial MEC(M\u00e9xico, Canad\u00e1 y M\u00e9xico )<\/strong><\/p>\n<!-- AddThis Advanced Settings generic via filter on the_content --><!-- AddThis Share Buttons generic via filter on the_content -->","protected":false},"excerpt":{"rendered":"<p>&#8220;Era un secreto A voces, , pero finalmente tenemos todas las pruebas&#8221; AMLO.. Zedillo acab\u00f3 con los trenes de pasajeros, dejando para el transporte de mercanc\u00edas\u00a0de las grandes empresas 18,000 kms de v\u00edas\u00a0 f\u00e9rreas.Tras 3 a\u00f1os de discusi\u00f3n con el\u00a0 segundo empresario m\u00e1s rico de M\u00e9xico , el due\u00f1o del Grupo M\u00e9xico\u00a0y otros empresarios, el [&hellip;]<!-- AddThis Advanced Settings generic via filter on get_the_excerpt --><!-- AddThis Share Buttons generic via filter on get_the_excerpt --><\/p>\n","protected":false},"author":16,"featured_media":0,"comment_status":"open","ping_status":"closed","sticky":false,"template":"","format":"standard","meta":[],"categories":[1],"tags":[],"_links":{"self":[{"href":"https:\/\/blogs.elcomercio.es\/reflexiones-de-belarmino\/wp-json\/wp\/v2\/posts\/34101"}],"collection":[{"href":"https:\/\/blogs.elcomercio.es\/reflexiones-de-belarmino\/wp-json\/wp\/v2\/posts"}],"about":[{"href":"https:\/\/blogs.elcomercio.es\/reflexiones-de-belarmino\/wp-json\/wp\/v2\/types\/post"}],"author":[{"embeddable":true,"href":"https:\/\/blogs.elcomercio.es\/reflexiones-de-belarmino\/wp-json\/wp\/v2\/users\/16"}],"replies":[{"embeddable":true,"href":"https:\/\/blogs.elcomercio.es\/reflexiones-de-belarmino\/wp-json\/wp\/v2\/comments?post=34101"}],"version-history":[{"count":2,"href":"https:\/\/blogs.elcomercio.es\/reflexiones-de-belarmino\/wp-json\/wp\/v2\/posts\/34101\/revisions"}],"predecessor-version":[{"id":34103,"href":"https:\/\/blogs.elcomercio.es\/reflexiones-de-belarmino\/wp-json\/wp\/v2\/posts\/34101\/revisions\/34103"}],"wp:attachment":[{"href":"https:\/\/blogs.elcomercio.es\/reflexiones-de-belarmino\/wp-json\/wp\/v2\/media?parent=34101"}],"wp:term":[{"taxonomy":"category","embeddable":true,"href":"https:\/\/blogs.elcomercio.es\/reflexiones-de-belarmino\/wp-json\/wp\/v2\/categories?post=34101"},{"taxonomy":"post_tag","embeddable":true,"href":"https:\/\/blogs.elcomercio.es\/reflexiones-de-belarmino\/wp-json\/wp\/v2\/tags?post=34101"}],"curies":[{"name":"wp","href":"https:\/\/api.w.org\/{rel}","templated":true}]}}