{"id":34114,"date":"2024-01-17T09:41:38","date_gmt":"2024-01-17T08:41:38","guid":{"rendered":"https:\/\/blogs.elcomercio.es\/reflexiones-de-belarmino\/?p=34114"},"modified":"2024-01-17T09:41:38","modified_gmt":"2024-01-17T08:41:38","slug":"felipe-gonzalez-alerta-que-la-division-de-poderes-esta-amenazada-seria-y-gravemente-por-la-amnistia","status":"publish","type":"post","link":"https:\/\/blogs.elcomercio.es\/reflexiones-de-belarmino\/2024\/01\/17\/felipe-gonzalez-alerta-que-la-division-de-poderes-esta-amenazada-seria-y-gravemente-por-la-amnistia\/","title":{"rendered":"\u00a1\u00a1\u00a1FELIPE GONZALEZ ALERTA QUE LA DIVISI\u00d3N DE PODERES EST\u00c1 AMENAZADA SERIA Y GRAVEMENTE POR LA AMNIST\u00cdA !!!"},"content":{"rendered":"<p><b>Duras palabras, ayer, del ex presidente Felipe Gonz\u00e1lez, por la &#8220;autoamnist\u00eda&#8221; que intentan los independentistas catalanes y: &#8221; LA DIVISI\u00d3N\u00a0DE PODERES ESTA AMENAZADA SERIA Y GRAVEMENTE &#8220;. Hay que volver a los planteamientos del PSOE anteriores al 23 de julio&#8221;<\/b><\/p>\n<!-- AddThis Advanced Settings generic via filter on the_content --><!-- AddThis Share Buttons generic via filter on the_content -->","protected":false},"excerpt":{"rendered":"<p>Duras palabras, ayer, del ex presidente Felipe Gonz\u00e1lez, por la &#8220;autoamnist\u00eda&#8221; que intentan los independentistas catalanes y: &#8221; LA DIVISI\u00d3N\u00a0DE PODERES ESTA AMENAZADA SERIA Y GRAVEMENTE &#8220;. Hay que volver a los planteamientos del PSOE anteriores al 23 de julio&#8221;<!-- AddThis Advanced Settings generic via filter on get_the_excerpt --><!-- AddThis Share Buttons generic via filter on get_the_excerpt --><\/p>\n","protected":false},"author":16,"featured_media":0,"comment_status":"open","ping_status":"closed","sticky":false,"template":"","format":"standard","meta":[],"categories":[1],"tags":[],"_links":{"self":[{"href":"https:\/\/blogs.elcomercio.es\/reflexiones-de-belarmino\/wp-json\/wp\/v2\/posts\/34114"}],"collection":[{"href":"https:\/\/blogs.elcomercio.es\/reflexiones-de-belarmino\/wp-json\/wp\/v2\/posts"}],"about":[{"href":"https:\/\/blogs.elcomercio.es\/reflexiones-de-belarmino\/wp-json\/wp\/v2\/types\/post"}],"author":[{"embeddable":true,"href":"https:\/\/blogs.elcomercio.es\/reflexiones-de-belarmino\/wp-json\/wp\/v2\/users\/16"}],"replies":[{"embeddable":true,"href":"https:\/\/blogs.elcomercio.es\/reflexiones-de-belarmino\/wp-json\/wp\/v2\/comments?post=34114"}],"version-history":[{"count":1,"href":"https:\/\/blogs.elcomercio.es\/reflexiones-de-belarmino\/wp-json\/wp\/v2\/posts\/34114\/revisions"}],"predecessor-version":[{"id":34115,"href":"https:\/\/blogs.elcomercio.es\/reflexiones-de-belarmino\/wp-json\/wp\/v2\/posts\/34114\/revisions\/34115"}],"wp:attachment":[{"href":"https:\/\/blogs.elcomercio.es\/reflexiones-de-belarmino\/wp-json\/wp\/v2\/media?parent=34114"}],"wp:term":[{"taxonomy":"category","embeddable":true,"href":"https:\/\/blogs.elcomercio.es\/reflexiones-de-belarmino\/wp-json\/wp\/v2\/categories?post=34114"},{"taxonomy":"post_tag","embeddable":true,"href":"https:\/\/blogs.elcomercio.es\/reflexiones-de-belarmino\/wp-json\/wp\/v2\/tags?post=34114"}],"curies":[{"name":"wp","href":"https:\/\/api.w.org\/{rel}","templated":true}]}}