{"id":34118,"date":"2024-01-17T09:54:39","date_gmt":"2024-01-17T08:54:39","guid":{"rendered":"https:\/\/blogs.elcomercio.es\/reflexiones-de-belarmino\/?p=34118"},"modified":"2024-01-17T09:54:39","modified_gmt":"2024-01-17T08:54:39","slug":"iran-responde-al-estado-islamico-y-su-ataque-y-bombardea-irak-siria-y-pakistan","status":"publish","type":"post","link":"https:\/\/blogs.elcomercio.es\/reflexiones-de-belarmino\/2024\/01\/17\/iran-responde-al-estado-islamico-y-su-ataque-y-bombardea-irak-siria-y-pakistan\/","title":{"rendered":"\u00a1\u00a1\u00a1\u00a1IRAN RESPONDE AL ESTADO ISL\u00c1MICO Y SU ATAQUE Y BOMBARDEA IRAK, SIRIA Y PAKISTAN !!!"},"content":{"rendered":"<p><strong>Al conflicto de Medio Oriente, hay que agregarle algo que pronto olvidamos nosotros pero no Ir\u00e1n desde el d\u00eda que el Estado Isl\u00e1mico con dos bombas, acab\u00f3 con la vida de 80 personas en el aniversario de la muerte de Soleim\u00e1n\u00a0 en su territorio.. Ayer bombarde\u00f3, precisos, los cuarteles de aquel, en Siria, Irak y Pakist\u00e1n.<\/strong><\/p>\n<!-- AddThis Advanced Settings generic via filter on the_content --><!-- AddThis Share Buttons generic via filter on the_content -->","protected":false},"excerpt":{"rendered":"<p>Al conflicto de Medio Oriente, hay que agregarle algo que pronto olvidamos nosotros pero no Ir\u00e1n desde el d\u00eda que el Estado Isl\u00e1mico con dos bombas, acab\u00f3 con la vida de 80 personas en el aniversario de la muerte de Soleim\u00e1n\u00a0 en su territorio.. Ayer bombarde\u00f3, precisos, los cuarteles de aquel, en Siria, Irak y [&hellip;]<!-- AddThis Advanced Settings generic via filter on get_the_excerpt --><!-- AddThis Share Buttons generic via filter on get_the_excerpt --><\/p>\n","protected":false},"author":16,"featured_media":0,"comment_status":"open","ping_status":"closed","sticky":false,"template":"","format":"standard","meta":[],"categories":[1],"tags":[],"_links":{"self":[{"href":"https:\/\/blogs.elcomercio.es\/reflexiones-de-belarmino\/wp-json\/wp\/v2\/posts\/34118"}],"collection":[{"href":"https:\/\/blogs.elcomercio.es\/reflexiones-de-belarmino\/wp-json\/wp\/v2\/posts"}],"about":[{"href":"https:\/\/blogs.elcomercio.es\/reflexiones-de-belarmino\/wp-json\/wp\/v2\/types\/post"}],"author":[{"embeddable":true,"href":"https:\/\/blogs.elcomercio.es\/reflexiones-de-belarmino\/wp-json\/wp\/v2\/users\/16"}],"replies":[{"embeddable":true,"href":"https:\/\/blogs.elcomercio.es\/reflexiones-de-belarmino\/wp-json\/wp\/v2\/comments?post=34118"}],"version-history":[{"count":1,"href":"https:\/\/blogs.elcomercio.es\/reflexiones-de-belarmino\/wp-json\/wp\/v2\/posts\/34118\/revisions"}],"predecessor-version":[{"id":34119,"href":"https:\/\/blogs.elcomercio.es\/reflexiones-de-belarmino\/wp-json\/wp\/v2\/posts\/34118\/revisions\/34119"}],"wp:attachment":[{"href":"https:\/\/blogs.elcomercio.es\/reflexiones-de-belarmino\/wp-json\/wp\/v2\/media?parent=34118"}],"wp:term":[{"taxonomy":"category","embeddable":true,"href":"https:\/\/blogs.elcomercio.es\/reflexiones-de-belarmino\/wp-json\/wp\/v2\/categories?post=34118"},{"taxonomy":"post_tag","embeddable":true,"href":"https:\/\/blogs.elcomercio.es\/reflexiones-de-belarmino\/wp-json\/wp\/v2\/tags?post=34118"}],"curies":[{"name":"wp","href":"https:\/\/api.w.org\/{rel}","templated":true}]}}