{"id":34120,"date":"2024-01-17T10:20:59","date_gmt":"2024-01-17T09:20:59","guid":{"rendered":"https:\/\/blogs.elcomercio.es\/reflexiones-de-belarmino\/?p=34120"},"modified":"2024-01-17T10:20:59","modified_gmt":"2024-01-17T09:20:59","slug":"espana-perderia-soberania-nacional-sin-la-inversion-de-acelor-en-asturias","status":"publish","type":"post","link":"https:\/\/blogs.elcomercio.es\/reflexiones-de-belarmino\/2024\/01\/17\/espana-perderia-soberania-nacional-sin-la-inversion-de-acelor-en-asturias\/","title":{"rendered":"\u00a1\u00a1\u00a1\u00a1ESPA\u00d1A PERDER\u00cdA SOBERAN\u00cdA NACIONAL SIN LA INVERSI\u00d3N DE ACELOR EN ASTURIAS !!!"},"content":{"rendered":"<p><b>Bien lo sab\u00eda Pedro Sanchez cuando ayer no se program\u00f3\u00a0en Davos la anual reuni\u00f3n entre \u00e9l y Mittal.El bloqueo, sin proyecto de inversi\u00f3n en Asturias, de Acelor a Espa\u00f1a, hace que nuestro pa\u00eds su juegue parte de su soberan\u00eda nacional.El proyecto es prioritario y estrat\u00e9gico, y el gobierno asturriano sabe el duro golpe que significar\u00eda para nuestra regi\u00f3n,<\/b><\/p>\n<!-- AddThis Advanced Settings generic via filter on the_content --><!-- AddThis Share Buttons generic via filter on the_content -->","protected":false},"excerpt":{"rendered":"<p>Bien lo sab\u00eda Pedro Sanchez cuando ayer no se program\u00f3\u00a0en Davos la anual reuni\u00f3n entre \u00e9l y Mittal.El bloqueo, sin proyecto de inversi\u00f3n en Asturias, de Acelor a Espa\u00f1a, hace que nuestro pa\u00eds su juegue parte de su soberan\u00eda nacional.El proyecto es prioritario y estrat\u00e9gico, y el gobierno asturriano sabe el duro golpe que significar\u00eda [&hellip;]<!-- AddThis Advanced Settings generic via filter on get_the_excerpt --><!-- AddThis Share Buttons generic via filter on get_the_excerpt --><\/p>\n","protected":false},"author":16,"featured_media":0,"comment_status":"open","ping_status":"closed","sticky":false,"template":"","format":"standard","meta":[],"categories":[1],"tags":[],"_links":{"self":[{"href":"https:\/\/blogs.elcomercio.es\/reflexiones-de-belarmino\/wp-json\/wp\/v2\/posts\/34120"}],"collection":[{"href":"https:\/\/blogs.elcomercio.es\/reflexiones-de-belarmino\/wp-json\/wp\/v2\/posts"}],"about":[{"href":"https:\/\/blogs.elcomercio.es\/reflexiones-de-belarmino\/wp-json\/wp\/v2\/types\/post"}],"author":[{"embeddable":true,"href":"https:\/\/blogs.elcomercio.es\/reflexiones-de-belarmino\/wp-json\/wp\/v2\/users\/16"}],"replies":[{"embeddable":true,"href":"https:\/\/blogs.elcomercio.es\/reflexiones-de-belarmino\/wp-json\/wp\/v2\/comments?post=34120"}],"version-history":[{"count":2,"href":"https:\/\/blogs.elcomercio.es\/reflexiones-de-belarmino\/wp-json\/wp\/v2\/posts\/34120\/revisions"}],"predecessor-version":[{"id":34122,"href":"https:\/\/blogs.elcomercio.es\/reflexiones-de-belarmino\/wp-json\/wp\/v2\/posts\/34120\/revisions\/34122"}],"wp:attachment":[{"href":"https:\/\/blogs.elcomercio.es\/reflexiones-de-belarmino\/wp-json\/wp\/v2\/media?parent=34120"}],"wp:term":[{"taxonomy":"category","embeddable":true,"href":"https:\/\/blogs.elcomercio.es\/reflexiones-de-belarmino\/wp-json\/wp\/v2\/categories?post=34120"},{"taxonomy":"post_tag","embeddable":true,"href":"https:\/\/blogs.elcomercio.es\/reflexiones-de-belarmino\/wp-json\/wp\/v2\/tags?post=34120"}],"curies":[{"name":"wp","href":"https:\/\/api.w.org\/{rel}","templated":true}]}}