{"id":34129,"date":"2024-01-17T16:59:48","date_gmt":"2024-01-17T15:59:48","guid":{"rendered":"https:\/\/blogs.elcomercio.es\/reflexiones-de-belarmino\/?p=34129"},"modified":"2024-01-17T16:59:48","modified_gmt":"2024-01-17T15:59:48","slug":"abascal-incorpora-a-ortega-smith-a-la-direccion-para-no-tenerlo-como-rival-el-numero-dos-vicepresidente-sera-garriga","status":"publish","type":"post","link":"https:\/\/blogs.elcomercio.es\/reflexiones-de-belarmino\/2024\/01\/17\/abascal-incorpora-a-ortega-smith-a-la-direccion-para-no-tenerlo-como-rival-el-numero-dos-vicepresidente-sera-garriga\/","title":{"rendered":"\u00a1\u00a1\u00a1\u00a1ABASCAL INCORPORA A ORTEGA SMITH A LA DIRECCI\u00d3N PARA NO TENERLO COMO RIVAL. EL NUMERO DOS, VICEPRESIDENTE SER\u00c1 GARRIGA !!!"},"content":{"rendered":"<p><strong>Tras el adelantamiento de Abascal, presuroso, de que\u00a0 antes de que termine enero hacer su Asamblea Nacional, y ante la preocupaci\u00f3n de tener que enfrentar a Ortega Smith como candidato, lo ha incorporado a la direcci\u00f3n. Garriga, asume la \u00fanica vicepresidencia y ser\u00e1 el No, 2 del partido.<\/strong><\/p>\n<!-- AddThis Advanced Settings generic via filter on the_content --><!-- AddThis Share Buttons generic via filter on the_content -->","protected":false},"excerpt":{"rendered":"<p>Tras el adelantamiento de Abascal, presuroso, de que\u00a0 antes de que termine enero hacer su Asamblea Nacional, y ante la preocupaci\u00f3n de tener que enfrentar a Ortega Smith como candidato, lo ha incorporado a la direcci\u00f3n. Garriga, asume la \u00fanica vicepresidencia y ser\u00e1 el No, 2 del partido.<!-- AddThis Advanced Settings generic via filter on get_the_excerpt --><!-- AddThis Share Buttons generic via filter on get_the_excerpt --><\/p>\n","protected":false},"author":16,"featured_media":0,"comment_status":"open","ping_status":"closed","sticky":false,"template":"","format":"standard","meta":[],"categories":[1],"tags":[],"_links":{"self":[{"href":"https:\/\/blogs.elcomercio.es\/reflexiones-de-belarmino\/wp-json\/wp\/v2\/posts\/34129"}],"collection":[{"href":"https:\/\/blogs.elcomercio.es\/reflexiones-de-belarmino\/wp-json\/wp\/v2\/posts"}],"about":[{"href":"https:\/\/blogs.elcomercio.es\/reflexiones-de-belarmino\/wp-json\/wp\/v2\/types\/post"}],"author":[{"embeddable":true,"href":"https:\/\/blogs.elcomercio.es\/reflexiones-de-belarmino\/wp-json\/wp\/v2\/users\/16"}],"replies":[{"embeddable":true,"href":"https:\/\/blogs.elcomercio.es\/reflexiones-de-belarmino\/wp-json\/wp\/v2\/comments?post=34129"}],"version-history":[{"count":2,"href":"https:\/\/blogs.elcomercio.es\/reflexiones-de-belarmino\/wp-json\/wp\/v2\/posts\/34129\/revisions"}],"predecessor-version":[{"id":34131,"href":"https:\/\/blogs.elcomercio.es\/reflexiones-de-belarmino\/wp-json\/wp\/v2\/posts\/34129\/revisions\/34131"}],"wp:attachment":[{"href":"https:\/\/blogs.elcomercio.es\/reflexiones-de-belarmino\/wp-json\/wp\/v2\/media?parent=34129"}],"wp:term":[{"taxonomy":"category","embeddable":true,"href":"https:\/\/blogs.elcomercio.es\/reflexiones-de-belarmino\/wp-json\/wp\/v2\/categories?post=34129"},{"taxonomy":"post_tag","embeddable":true,"href":"https:\/\/blogs.elcomercio.es\/reflexiones-de-belarmino\/wp-json\/wp\/v2\/tags?post=34129"}],"curies":[{"name":"wp","href":"https:\/\/api.w.org\/{rel}","templated":true}]}}