{"id":34133,"date":"2024-01-18T10:20:40","date_gmt":"2024-01-18T09:20:40","guid":{"rendered":"https:\/\/blogs.elcomercio.es\/reflexiones-de-belarmino\/?p=34133"},"modified":"2024-01-18T10:20:40","modified_gmt":"2024-01-18T09:20:40","slug":"la-triste-oficina-ayer-en-davos-las-caras-de-los-dirigentes-empresariales-con-sanchez","status":"publish","type":"post","link":"https:\/\/blogs.elcomercio.es\/reflexiones-de-belarmino\/2024\/01\/18\/la-triste-oficina-ayer-en-davos-las-caras-de-los-dirigentes-empresariales-con-sanchez\/","title":{"rendered":"\u00a1\u00a1\u00a1\u00a1LA TRISTE OFICINA AYER EN DAVOS. LAS CARAS DE LOS DIRIGENTES EMPRESARIALES CON SANCHEZ !!!"},"content":{"rendered":"<p><b>La imagen\u00a0de la relaci\u00f3n de los dirigentes del IBEX 35, una parte por que Ana Patricia Bot\u00edn entre otros no estuvo,, con el Presidente, qued\u00f3 plasmada ayer en aquel cuartito para tomar apuntes de los auxiliares\u00a0III de los &#8220;grandes &#8221; en Davos.. Triste, caras de mal humor, obscuro, era la foto que hab\u00eda que tomarse con los ilustres due\u00f1os del capital. Y Sanchez lo hizo, y la imagen recorri\u00f3 Espa\u00f1a y nos mostr\u00f3 la gran divisi\u00f3n entre ambos. Nada optimista, por decir lo menos.<\/b><\/p>\n<!-- AddThis Advanced Settings generic via filter on the_content --><!-- AddThis Share Buttons generic via filter on the_content -->","protected":false},"excerpt":{"rendered":"<p>La imagen\u00a0de la relaci\u00f3n de los dirigentes del IBEX 35, una parte por que Ana Patricia Bot\u00edn entre otros no estuvo,, con el Presidente, qued\u00f3 plasmada ayer en aquel cuartito para tomar apuntes de los auxiliares\u00a0III de los &#8220;grandes &#8221; en Davos.. Triste, caras de mal humor, obscuro, era la foto que hab\u00eda que tomarse [&hellip;]<!-- AddThis Advanced Settings generic via filter on get_the_excerpt --><!-- AddThis Share Buttons generic via filter on get_the_excerpt --><\/p>\n","protected":false},"author":16,"featured_media":0,"comment_status":"open","ping_status":"closed","sticky":false,"template":"","format":"standard","meta":[],"categories":[1],"tags":[],"_links":{"self":[{"href":"https:\/\/blogs.elcomercio.es\/reflexiones-de-belarmino\/wp-json\/wp\/v2\/posts\/34133"}],"collection":[{"href":"https:\/\/blogs.elcomercio.es\/reflexiones-de-belarmino\/wp-json\/wp\/v2\/posts"}],"about":[{"href":"https:\/\/blogs.elcomercio.es\/reflexiones-de-belarmino\/wp-json\/wp\/v2\/types\/post"}],"author":[{"embeddable":true,"href":"https:\/\/blogs.elcomercio.es\/reflexiones-de-belarmino\/wp-json\/wp\/v2\/users\/16"}],"replies":[{"embeddable":true,"href":"https:\/\/blogs.elcomercio.es\/reflexiones-de-belarmino\/wp-json\/wp\/v2\/comments?post=34133"}],"version-history":[{"count":2,"href":"https:\/\/blogs.elcomercio.es\/reflexiones-de-belarmino\/wp-json\/wp\/v2\/posts\/34133\/revisions"}],"predecessor-version":[{"id":34135,"href":"https:\/\/blogs.elcomercio.es\/reflexiones-de-belarmino\/wp-json\/wp\/v2\/posts\/34133\/revisions\/34135"}],"wp:attachment":[{"href":"https:\/\/blogs.elcomercio.es\/reflexiones-de-belarmino\/wp-json\/wp\/v2\/media?parent=34133"}],"wp:term":[{"taxonomy":"category","embeddable":true,"href":"https:\/\/blogs.elcomercio.es\/reflexiones-de-belarmino\/wp-json\/wp\/v2\/categories?post=34133"},{"taxonomy":"post_tag","embeddable":true,"href":"https:\/\/blogs.elcomercio.es\/reflexiones-de-belarmino\/wp-json\/wp\/v2\/tags?post=34133"}],"curies":[{"name":"wp","href":"https:\/\/api.w.org\/{rel}","templated":true}]}}