{"id":34136,"date":"2024-01-18T10:29:31","date_gmt":"2024-01-18T09:29:31","guid":{"rendered":"https:\/\/blogs.elcomercio.es\/reflexiones-de-belarmino\/?p=34136"},"modified":"2024-01-18T10:29:31","modified_gmt":"2024-01-18T09:29:31","slug":"luis-xiv-el-despotismo-ilustrado-reflejado-2-siglos-despues-en-davos-no-1-pero-tampoco-80000","status":"publish","type":"post","link":"https:\/\/blogs.elcomercio.es\/reflexiones-de-belarmino\/2024\/01\/18\/luis-xiv-el-despotismo-ilustrado-reflejado-2-siglos-despues-en-davos-no-1-pero-tampoco-80000\/","title":{"rendered":"\u00a1\u00a1\u00a1\u00a1 LUIS XIV, EL DESPOTISMO ILUSTRADO, REFLEJADO,  2 SIGLOS DESPU\u00c9S EN DAVOS. NO 1, PERO TAMPOCO 8,0000 !!!"},"content":{"rendered":"<p><b>Mil, dos mil, que m\u00e1s da. En 2023, como en la \u00e9poca de Luis XIV, una \u00ednfima\u00a0mayor\u00eda\u00a0due\u00f1a del destino de los 8,000 millones, se re\u00fanen, en su mundos, en su Corte. Degustan los grandes platillo, sin que hubiese un maestro Batel\u00a0presente, se regodean entre ellos como en aquella Corte, mientras los 8,000 millones de habitantes de hoy, forman parte de un escenario, que daba por bueno el vivir.<\/b><\/p>\n<p><strong>Ese es el avance del sistema, y del hombre. en dos siglos, por lo menos en el mundo unipolar.<\/strong><\/p>\n<!-- AddThis Advanced Settings generic via filter on the_content --><!-- AddThis Share Buttons generic via filter on the_content -->","protected":false},"excerpt":{"rendered":"<p>Mil, dos mil, que m\u00e1s da. En 2023, como en la \u00e9poca de Luis XIV, una \u00ednfima\u00a0mayor\u00eda\u00a0due\u00f1a del destino de los 8,000 millones, se re\u00fanen, en su mundos, en su Corte. Degustan los grandes platillo, sin que hubiese un maestro Batel\u00a0presente, se regodean entre ellos como en aquella Corte, mientras los 8,000 millones de habitantes [&hellip;]<!-- AddThis Advanced Settings generic via filter on get_the_excerpt --><!-- AddThis Share Buttons generic via filter on get_the_excerpt --><\/p>\n","protected":false},"author":16,"featured_media":0,"comment_status":"open","ping_status":"closed","sticky":false,"template":"","format":"standard","meta":[],"categories":[1],"tags":[],"_links":{"self":[{"href":"https:\/\/blogs.elcomercio.es\/reflexiones-de-belarmino\/wp-json\/wp\/v2\/posts\/34136"}],"collection":[{"href":"https:\/\/blogs.elcomercio.es\/reflexiones-de-belarmino\/wp-json\/wp\/v2\/posts"}],"about":[{"href":"https:\/\/blogs.elcomercio.es\/reflexiones-de-belarmino\/wp-json\/wp\/v2\/types\/post"}],"author":[{"embeddable":true,"href":"https:\/\/blogs.elcomercio.es\/reflexiones-de-belarmino\/wp-json\/wp\/v2\/users\/16"}],"replies":[{"embeddable":true,"href":"https:\/\/blogs.elcomercio.es\/reflexiones-de-belarmino\/wp-json\/wp\/v2\/comments?post=34136"}],"version-history":[{"count":1,"href":"https:\/\/blogs.elcomercio.es\/reflexiones-de-belarmino\/wp-json\/wp\/v2\/posts\/34136\/revisions"}],"predecessor-version":[{"id":34137,"href":"https:\/\/blogs.elcomercio.es\/reflexiones-de-belarmino\/wp-json\/wp\/v2\/posts\/34136\/revisions\/34137"}],"wp:attachment":[{"href":"https:\/\/blogs.elcomercio.es\/reflexiones-de-belarmino\/wp-json\/wp\/v2\/media?parent=34136"}],"wp:term":[{"taxonomy":"category","embeddable":true,"href":"https:\/\/blogs.elcomercio.es\/reflexiones-de-belarmino\/wp-json\/wp\/v2\/categories?post=34136"},{"taxonomy":"post_tag","embeddable":true,"href":"https:\/\/blogs.elcomercio.es\/reflexiones-de-belarmino\/wp-json\/wp\/v2\/tags?post=34136"}],"curies":[{"name":"wp","href":"https:\/\/api.w.org\/{rel}","templated":true}]}}