{"id":34194,"date":"2024-01-22T12:07:01","date_gmt":"2024-01-22T11:07:01","guid":{"rendered":"https:\/\/blogs.elcomercio.es\/reflexiones-de-belarmino\/?p=34194"},"modified":"2024-01-22T12:07:01","modified_gmt":"2024-01-22T11:07:01","slug":"asturias-afronta-un-ano-de-decisiones-trascendentales-para-la-economia-regional","status":"publish","type":"post","link":"https:\/\/blogs.elcomercio.es\/reflexiones-de-belarmino\/2024\/01\/22\/asturias-afronta-un-ano-de-decisiones-trascendentales-para-la-economia-regional\/","title":{"rendered":"\u00a1\u00a1\u00a1\u00a1\u00a1ASTURIAS AFRONTA UN A\u00d1O DE DECISIONES TRASCENDENTALES PARA LA ECONOM\u00cdA REGIONAL !!!"},"content":{"rendered":"<p><strong>Este a\u00f1o se dirimen el futuro de Arcelor Mittal y Duro Fuelguera,el hidr\u00f3geno verde, el accionariado de Windar, Moreda,y Telecable y la divisi\u00f3n o no de Bayer. Caja Astur sabr\u00e1 este trimestre si sigue en el consejo de de Unicaja Banco que cambiar\u00e1 de presidente.<\/strong><\/p>\n<p><strong>Es importante saber que el Principado alcanza el record de 50,000 empleados tras sumar 10,000 en tres a\u00f1os y que su PIB para 2024 ser\u00e1\u00a0 de 1.2, en una media nacional del 2.0<\/strong><\/p>\n<!-- AddThis Advanced Settings generic via filter on the_content --><!-- AddThis Share Buttons generic via filter on the_content -->","protected":false},"excerpt":{"rendered":"<p>Este a\u00f1o se dirimen el futuro de Arcelor Mittal y Duro Fuelguera,el hidr\u00f3geno verde, el accionariado de Windar, Moreda,y Telecable y la divisi\u00f3n o no de Bayer. Caja Astur sabr\u00e1 este trimestre si sigue en el consejo de de Unicaja Banco que cambiar\u00e1 de presidente. Es importante saber que el Principado alcanza el record de [&hellip;]<!-- AddThis Advanced Settings generic via filter on get_the_excerpt --><!-- AddThis Share Buttons generic via filter on get_the_excerpt --><\/p>\n","protected":false},"author":16,"featured_media":0,"comment_status":"open","ping_status":"closed","sticky":false,"template":"","format":"standard","meta":[],"categories":[1],"tags":[],"_links":{"self":[{"href":"https:\/\/blogs.elcomercio.es\/reflexiones-de-belarmino\/wp-json\/wp\/v2\/posts\/34194"}],"collection":[{"href":"https:\/\/blogs.elcomercio.es\/reflexiones-de-belarmino\/wp-json\/wp\/v2\/posts"}],"about":[{"href":"https:\/\/blogs.elcomercio.es\/reflexiones-de-belarmino\/wp-json\/wp\/v2\/types\/post"}],"author":[{"embeddable":true,"href":"https:\/\/blogs.elcomercio.es\/reflexiones-de-belarmino\/wp-json\/wp\/v2\/users\/16"}],"replies":[{"embeddable":true,"href":"https:\/\/blogs.elcomercio.es\/reflexiones-de-belarmino\/wp-json\/wp\/v2\/comments?post=34194"}],"version-history":[{"count":2,"href":"https:\/\/blogs.elcomercio.es\/reflexiones-de-belarmino\/wp-json\/wp\/v2\/posts\/34194\/revisions"}],"predecessor-version":[{"id":34196,"href":"https:\/\/blogs.elcomercio.es\/reflexiones-de-belarmino\/wp-json\/wp\/v2\/posts\/34194\/revisions\/34196"}],"wp:attachment":[{"href":"https:\/\/blogs.elcomercio.es\/reflexiones-de-belarmino\/wp-json\/wp\/v2\/media?parent=34194"}],"wp:term":[{"taxonomy":"category","embeddable":true,"href":"https:\/\/blogs.elcomercio.es\/reflexiones-de-belarmino\/wp-json\/wp\/v2\/categories?post=34194"},{"taxonomy":"post_tag","embeddable":true,"href":"https:\/\/blogs.elcomercio.es\/reflexiones-de-belarmino\/wp-json\/wp\/v2\/tags?post=34194"}],"curies":[{"name":"wp","href":"https:\/\/api.w.org\/{rel}","templated":true}]}}