{"id":34197,"date":"2024-01-22T12:13:31","date_gmt":"2024-01-22T11:13:31","guid":{"rendered":"https:\/\/blogs.elcomercio.es\/reflexiones-de-belarmino\/?p=34197"},"modified":"2024-01-22T12:13:31","modified_gmt":"2024-01-22T11:13:31","slug":"para-nada-responden-los-del-ibex-35-sobre-si-hubo-algun-resultado-de-su-reunion-con-sanchez-en-davos","status":"publish","type":"post","link":"https:\/\/blogs.elcomercio.es\/reflexiones-de-belarmino\/2024\/01\/22\/para-nada-responden-los-del-ibex-35-sobre-si-hubo-algun-resultado-de-su-reunion-con-sanchez-en-davos\/","title":{"rendered":"\u00a1\u00a1\u00a1\u00a1&#8221; PARA NADA &#8220;, RESPONDEN LOS DEL IBEX 35, SOBRE SI HUBO ALG\u00daN RESULTADO DE SU REUNI\u00d3N CON SANCHEZ EN DAVOS !!!"},"content":{"rendered":"<p><b>Los miembros del IBEX 35, due\u00f1os del pa\u00eds, cada uno con su finca o fincas donde negocian en las cacer\u00edas el futuro de 40 millones de espa\u00f1olas y espa\u00f1oles, saben bien\u00a0 el papel de los\u00a0pol\u00edticos, al nivel que quieran: sus empleados.<\/b><\/p>\n<p><strong>En Espa\u00f1a y en todo Occidente. Por ello, tras el intento de Sanchez de la\u00a0<\/strong><b>instant\u00e1nea en Davos con ellos, salieron de inmediato para aclararlo:<\/b><\/p>\n<p><b> \u00bf Alg\u00fan acuerdo?\u00a1\u00a1\u00a1 Para nada !!!.<\/b><\/p>\n<!-- AddThis Advanced Settings generic via filter on the_content --><!-- AddThis Share Buttons generic via filter on the_content -->","protected":false},"excerpt":{"rendered":"<p>Los miembros del IBEX 35, due\u00f1os del pa\u00eds, cada uno con su finca o fincas donde negocian en las cacer\u00edas el futuro de 40 millones de espa\u00f1olas y espa\u00f1oles, saben bien\u00a0 el papel de los\u00a0pol\u00edticos, al nivel que quieran: sus empleados. En Espa\u00f1a y en todo Occidente. Por ello, tras el intento de Sanchez de [&hellip;]<!-- AddThis Advanced Settings generic via filter on get_the_excerpt --><!-- AddThis Share Buttons generic via filter on get_the_excerpt --><\/p>\n","protected":false},"author":16,"featured_media":0,"comment_status":"open","ping_status":"closed","sticky":false,"template":"","format":"standard","meta":[],"categories":[1],"tags":[],"_links":{"self":[{"href":"https:\/\/blogs.elcomercio.es\/reflexiones-de-belarmino\/wp-json\/wp\/v2\/posts\/34197"}],"collection":[{"href":"https:\/\/blogs.elcomercio.es\/reflexiones-de-belarmino\/wp-json\/wp\/v2\/posts"}],"about":[{"href":"https:\/\/blogs.elcomercio.es\/reflexiones-de-belarmino\/wp-json\/wp\/v2\/types\/post"}],"author":[{"embeddable":true,"href":"https:\/\/blogs.elcomercio.es\/reflexiones-de-belarmino\/wp-json\/wp\/v2\/users\/16"}],"replies":[{"embeddable":true,"href":"https:\/\/blogs.elcomercio.es\/reflexiones-de-belarmino\/wp-json\/wp\/v2\/comments?post=34197"}],"version-history":[{"count":2,"href":"https:\/\/blogs.elcomercio.es\/reflexiones-de-belarmino\/wp-json\/wp\/v2\/posts\/34197\/revisions"}],"predecessor-version":[{"id":34199,"href":"https:\/\/blogs.elcomercio.es\/reflexiones-de-belarmino\/wp-json\/wp\/v2\/posts\/34197\/revisions\/34199"}],"wp:attachment":[{"href":"https:\/\/blogs.elcomercio.es\/reflexiones-de-belarmino\/wp-json\/wp\/v2\/media?parent=34197"}],"wp:term":[{"taxonomy":"category","embeddable":true,"href":"https:\/\/blogs.elcomercio.es\/reflexiones-de-belarmino\/wp-json\/wp\/v2\/categories?post=34197"},{"taxonomy":"post_tag","embeddable":true,"href":"https:\/\/blogs.elcomercio.es\/reflexiones-de-belarmino\/wp-json\/wp\/v2\/tags?post=34197"}],"curies":[{"name":"wp","href":"https:\/\/api.w.org\/{rel}","templated":true}]}}