{"id":34203,"date":"2024-01-22T12:40:32","date_gmt":"2024-01-22T11:40:32","guid":{"rendered":"https:\/\/blogs.elcomercio.es\/reflexiones-de-belarmino\/?p=34203"},"modified":"2024-01-22T12:40:32","modified_gmt":"2024-01-22T11:40:32","slug":"los-43-millones-de-turistas-dejan-al-pais-31000-millones-de-dolares-la-mitad-de-las-remesas-de-los-inmigrantes","status":"publish","type":"post","link":"https:\/\/blogs.elcomercio.es\/reflexiones-de-belarmino\/2024\/01\/22\/los-43-millones-de-turistas-dejan-al-pais-31000-millones-de-dolares-la-mitad-de-las-remesas-de-los-inmigrantes\/","title":{"rendered":"\u00a1\u00a1\u00a1\u00a1LOS 43 MILLONES DE TURISTAS DEJAN AL PAIS 31,000 MILLONES DE DOLARES, LA MITAD DE LAS REMESAS DE LOS INMIGRANTES !!!"},"content":{"rendered":"<p><b>En 2023, M\u00e9xico tuvo un r\u00e9cord\u00a0de turistas internacionales al haberlo visitado 43 millones de personas, lo que significa 31,000 millones de d\u00f3lares(8.7 % del PIB). Ir\u00e1 en aumento, pero muy por detr\u00e1s de los 63,000 millones de dolares que env\u00edan\u00a0los emigrantes que trabajan en EE:UU. Sin embargo, ambos casi significan el 20 % del PIB..<\/b><\/p>\n<p>&nbsp;<\/p>\n<!-- AddThis Advanced Settings generic via filter on the_content --><!-- AddThis Share Buttons generic via filter on the_content -->","protected":false},"excerpt":{"rendered":"<p>En 2023, M\u00e9xico tuvo un r\u00e9cord\u00a0de turistas internacionales al haberlo visitado 43 millones de personas, lo que significa 31,000 millones de d\u00f3lares(8.7 % del PIB). Ir\u00e1 en aumento, pero muy por detr\u00e1s de los 63,000 millones de dolares que env\u00edan\u00a0los emigrantes que trabajan en EE:UU. Sin embargo, ambos casi significan el 20 % del PIB.. [&hellip;]<!-- AddThis Advanced Settings generic via filter on get_the_excerpt --><!-- AddThis Share Buttons generic via filter on get_the_excerpt --><\/p>\n","protected":false},"author":16,"featured_media":0,"comment_status":"open","ping_status":"closed","sticky":false,"template":"","format":"standard","meta":[],"categories":[1],"tags":[],"_links":{"self":[{"href":"https:\/\/blogs.elcomercio.es\/reflexiones-de-belarmino\/wp-json\/wp\/v2\/posts\/34203"}],"collection":[{"href":"https:\/\/blogs.elcomercio.es\/reflexiones-de-belarmino\/wp-json\/wp\/v2\/posts"}],"about":[{"href":"https:\/\/blogs.elcomercio.es\/reflexiones-de-belarmino\/wp-json\/wp\/v2\/types\/post"}],"author":[{"embeddable":true,"href":"https:\/\/blogs.elcomercio.es\/reflexiones-de-belarmino\/wp-json\/wp\/v2\/users\/16"}],"replies":[{"embeddable":true,"href":"https:\/\/blogs.elcomercio.es\/reflexiones-de-belarmino\/wp-json\/wp\/v2\/comments?post=34203"}],"version-history":[{"count":1,"href":"https:\/\/blogs.elcomercio.es\/reflexiones-de-belarmino\/wp-json\/wp\/v2\/posts\/34203\/revisions"}],"predecessor-version":[{"id":34204,"href":"https:\/\/blogs.elcomercio.es\/reflexiones-de-belarmino\/wp-json\/wp\/v2\/posts\/34203\/revisions\/34204"}],"wp:attachment":[{"href":"https:\/\/blogs.elcomercio.es\/reflexiones-de-belarmino\/wp-json\/wp\/v2\/media?parent=34203"}],"wp:term":[{"taxonomy":"category","embeddable":true,"href":"https:\/\/blogs.elcomercio.es\/reflexiones-de-belarmino\/wp-json\/wp\/v2\/categories?post=34203"},{"taxonomy":"post_tag","embeddable":true,"href":"https:\/\/blogs.elcomercio.es\/reflexiones-de-belarmino\/wp-json\/wp\/v2\/tags?post=34203"}],"curies":[{"name":"wp","href":"https:\/\/api.w.org\/{rel}","templated":true}]}}