{"id":34256,"date":"2024-01-26T08:50:06","date_gmt":"2024-01-26T07:50:06","guid":{"rendered":"https:\/\/blogs.elcomercio.es\/reflexiones-de-belarmino\/?p=34256"},"modified":"2024-01-26T08:50:27","modified_gmt":"2024-01-26T07:50:27","slug":"preocupacion-hoy-en-israel-por-la-decision-del-tribunal-de-la-haya","status":"publish","type":"post","link":"https:\/\/blogs.elcomercio.es\/reflexiones-de-belarmino\/2024\/01\/26\/preocupacion-hoy-en-israel-por-la-decision-del-tribunal-de-la-haya\/","title":{"rendered":"\u00a1\u00a1\u00a1\u00a1\u00a1 PREOCUPACI\u00d3N HOY EN ISRAEL POR LA DECISI\u00d3N DEL TRIBUNAL DE LA HAYA !!"},"content":{"rendered":"<p><b>Hoy el Tribunal de la Haya, m\u00e1ximo organismos\u00a0jur\u00eddico\u00a0de Naciones\u00a0Unidas, emitir\u00e1 su veredicto sobre la acusaci\u00f3n de Sud\u00e1frica\u00a0sobre que Israel est\u00e1 cometiendo Genocidio sobre el pueblo palestino.Aunque Netanyahu ya declar\u00f3 que ni dicho tribunal, ni nadie en el mundo va a parar la ofensiva en Gaza, saben que una\u00a0resoluci\u00f3n aprobatoria los llevar\u00eda a un alto al fuego no por ser vinculante, sino por la presi\u00f3n internacional<\/b><\/p>\n<!-- AddThis Advanced Settings generic via filter on the_content --><!-- AddThis Share Buttons generic via filter on the_content -->","protected":false},"excerpt":{"rendered":"<p>Hoy el Tribunal de la Haya, m\u00e1ximo organismos\u00a0jur\u00eddico\u00a0de Naciones\u00a0Unidas, emitir\u00e1 su veredicto sobre la acusaci\u00f3n de Sud\u00e1frica\u00a0sobre que Israel est\u00e1 cometiendo Genocidio sobre el pueblo palestino.Aunque Netanyahu ya declar\u00f3 que ni dicho tribunal, ni nadie en el mundo va a parar la ofensiva en Gaza, saben que una\u00a0resoluci\u00f3n aprobatoria los llevar\u00eda a un alto al [&hellip;]<!-- AddThis Advanced Settings generic via filter on get_the_excerpt --><!-- AddThis Share Buttons generic via filter on get_the_excerpt --><\/p>\n","protected":false},"author":16,"featured_media":0,"comment_status":"open","ping_status":"closed","sticky":false,"template":"","format":"standard","meta":[],"categories":[1],"tags":[],"_links":{"self":[{"href":"https:\/\/blogs.elcomercio.es\/reflexiones-de-belarmino\/wp-json\/wp\/v2\/posts\/34256"}],"collection":[{"href":"https:\/\/blogs.elcomercio.es\/reflexiones-de-belarmino\/wp-json\/wp\/v2\/posts"}],"about":[{"href":"https:\/\/blogs.elcomercio.es\/reflexiones-de-belarmino\/wp-json\/wp\/v2\/types\/post"}],"author":[{"embeddable":true,"href":"https:\/\/blogs.elcomercio.es\/reflexiones-de-belarmino\/wp-json\/wp\/v2\/users\/16"}],"replies":[{"embeddable":true,"href":"https:\/\/blogs.elcomercio.es\/reflexiones-de-belarmino\/wp-json\/wp\/v2\/comments?post=34256"}],"version-history":[{"count":1,"href":"https:\/\/blogs.elcomercio.es\/reflexiones-de-belarmino\/wp-json\/wp\/v2\/posts\/34256\/revisions"}],"predecessor-version":[{"id":34257,"href":"https:\/\/blogs.elcomercio.es\/reflexiones-de-belarmino\/wp-json\/wp\/v2\/posts\/34256\/revisions\/34257"}],"wp:attachment":[{"href":"https:\/\/blogs.elcomercio.es\/reflexiones-de-belarmino\/wp-json\/wp\/v2\/media?parent=34256"}],"wp:term":[{"taxonomy":"category","embeddable":true,"href":"https:\/\/blogs.elcomercio.es\/reflexiones-de-belarmino\/wp-json\/wp\/v2\/categories?post=34256"},{"taxonomy":"post_tag","embeddable":true,"href":"https:\/\/blogs.elcomercio.es\/reflexiones-de-belarmino\/wp-json\/wp\/v2\/tags?post=34256"}],"curies":[{"name":"wp","href":"https:\/\/api.w.org\/{rel}","templated":true}]}}