{"id":34260,"date":"2024-01-26T09:39:21","date_gmt":"2024-01-26T08:39:21","guid":{"rendered":"https:\/\/blogs.elcomercio.es\/reflexiones-de-belarmino\/?p=34260"},"modified":"2024-01-26T09:39:21","modified_gmt":"2024-01-26T08:39:21","slug":"el-por-que-de-los-programas-del-bienestar-y-su-finalidad","status":"publish","type":"post","link":"https:\/\/blogs.elcomercio.es\/reflexiones-de-belarmino\/2024\/01\/26\/el-por-que-de-los-programas-del-bienestar-y-su-finalidad\/","title":{"rendered":"\u00a1\u00a1\u00a1 EL POR QUE DE LOS PROGRAMAS DEL BIENESTAR Y  SU  FINALIDAD !!!"},"content":{"rendered":"<p><b>Ayer, antes de que el\u00a0 1 de marzo empiece la campa\u00f1a electoral para presidente, ambas C\u00e1maras y 8 gobernadores, a los que est\u00e1n llamados a votar 65 millones de votantes, y dado los antecedentes de los gobiernos neo liberales, de en los \u00faltimos d\u00edas compraban votos, regalaban despensas a base de la miseria de la mayor\u00eda, ayer el presidente fijo p\u00fablicamente\u00a0como se har\u00e1n\u00a0llegar los programas para el\u00a0<\/b><b>bienestar para evitar movimientos de dinero desde el 1 de marzo hasta el 2 de junio d\u00eda de las elecciones. Y lo hizo, a su estilo transparentando todo.<\/b><\/p>\n<p><b>Sintetizamos. El actual gobierno ha dedicado todos sus recursos( con cero corrupci\u00f3n, con aumentar la contribuci\u00f3n fiscal y la autoridad, y con todos los recursos arrebatados al crimen organizado, inclusive\u00a0el de cuello blanco), para hacer llegar sus recursos a la base mayoritaria de la sociedad, que al elevar sus ingresos, no s\u00f3lo por justicia, estimula la econom\u00eda\u00a0de arriba a a abajo y salen todos beneficiados. As\u00ed\u00a0se ha reducido la desigualdad social y ha descendido la pobreza en un 30 % de la poblaci\u00f3n, se ha mantenido un crecimiento sin deudas y convertido, con las mega obras\u00a0que ha hecho en uno del los 3 paises(OCDE) m\u00e1s atractivos del mundo para\u00a0<\/b><b>inversi\u00f3n.<\/b><\/p>\n<p><strong>Carlos Slim declar\u00f3 la semana pasada: Vive M\u00e9xico una oportunidad \u00fanica en un siglo. Necesitamos inversi\u00f3n publica, privada y extranjera por el 20 % del PIB para encontrarnos en el Top mundial de los paises desarrollados&#8221;.<\/strong><\/p>\n<p><strong>M\u00e9xico, que ya super\u00f3 a Espa\u00f1a y es el No. 14 mundial, se estima que en 2030 ser\u00e1 la decima econom\u00eda mundial.<\/strong><\/p>\n<p><b>En los dos siguientes blogs, explicaremos los programas y sus beneficiarios\u00a0y la portada de &#8220;pincelada sobre el M\u00e9xico Nuevo&#8221;, terminada ayer por el autor, donde sintetiza\u00a0el proyecto\u00a0en 5,000 palabras.<\/b><\/p>\n<p>&nbsp;<\/p>\n<!-- AddThis Advanced Settings generic via filter on the_content --><!-- AddThis Share Buttons generic via filter on the_content -->","protected":false},"excerpt":{"rendered":"<p>Ayer, antes de que el\u00a0 1 de marzo empiece la campa\u00f1a electoral para presidente, ambas C\u00e1maras y 8 gobernadores, a los que est\u00e1n llamados a votar 65 millones de votantes, y dado los antecedentes de los gobiernos neo liberales, de en los \u00faltimos d\u00edas compraban votos, regalaban despensas a base de la miseria de la [&hellip;]<!-- AddThis Advanced Settings generic via filter on get_the_excerpt --><!-- AddThis Share Buttons generic via filter on get_the_excerpt --><\/p>\n","protected":false},"author":16,"featured_media":0,"comment_status":"open","ping_status":"closed","sticky":false,"template":"","format":"standard","meta":[],"categories":[1],"tags":[],"_links":{"self":[{"href":"https:\/\/blogs.elcomercio.es\/reflexiones-de-belarmino\/wp-json\/wp\/v2\/posts\/34260"}],"collection":[{"href":"https:\/\/blogs.elcomercio.es\/reflexiones-de-belarmino\/wp-json\/wp\/v2\/posts"}],"about":[{"href":"https:\/\/blogs.elcomercio.es\/reflexiones-de-belarmino\/wp-json\/wp\/v2\/types\/post"}],"author":[{"embeddable":true,"href":"https:\/\/blogs.elcomercio.es\/reflexiones-de-belarmino\/wp-json\/wp\/v2\/users\/16"}],"replies":[{"embeddable":true,"href":"https:\/\/blogs.elcomercio.es\/reflexiones-de-belarmino\/wp-json\/wp\/v2\/comments?post=34260"}],"version-history":[{"count":1,"href":"https:\/\/blogs.elcomercio.es\/reflexiones-de-belarmino\/wp-json\/wp\/v2\/posts\/34260\/revisions"}],"predecessor-version":[{"id":34261,"href":"https:\/\/blogs.elcomercio.es\/reflexiones-de-belarmino\/wp-json\/wp\/v2\/posts\/34260\/revisions\/34261"}],"wp:attachment":[{"href":"https:\/\/blogs.elcomercio.es\/reflexiones-de-belarmino\/wp-json\/wp\/v2\/media?parent=34260"}],"wp:term":[{"taxonomy":"category","embeddable":true,"href":"https:\/\/blogs.elcomercio.es\/reflexiones-de-belarmino\/wp-json\/wp\/v2\/categories?post=34260"},{"taxonomy":"post_tag","embeddable":true,"href":"https:\/\/blogs.elcomercio.es\/reflexiones-de-belarmino\/wp-json\/wp\/v2\/tags?post=34260"}],"curies":[{"name":"wp","href":"https:\/\/api.w.org\/{rel}","templated":true}]}}