{"id":34275,"date":"2024-01-26T11:27:48","date_gmt":"2024-01-26T10:27:48","guid":{"rendered":"https:\/\/blogs.elcomercio.es\/reflexiones-de-belarmino\/?p=34275"},"modified":"2024-01-26T11:27:48","modified_gmt":"2024-01-26T10:27:48","slug":"el-nuevo-mexico-la-iv-transformacion-terminado-ayer","status":"publish","type":"post","link":"https:\/\/blogs.elcomercio.es\/reflexiones-de-belarmino\/2024\/01\/26\/el-nuevo-mexico-la-iv-transformacion-terminado-ayer\/","title":{"rendered":"\u00a1\u00a1\u00a1\u00a1\u00a1&#8221; EL NUEVO MEXICO ( LA IV TRANSFORMACION &#8220;, TERMINADO AYER !!!!"},"content":{"rendered":"<p><strong>La s\u00edntesis de las 4 Transformaciones de M\u00e9xico y la explicaci\u00f3n de lo que sucede hoy.<a href=\"https:\/\/static-blogs.elcomercio.es\/wp-content\/uploads\/sites\/15\/2024\/01\/doc02286720240126110209_001.jpg\"><img loading=\"lazy\" class=\"alignnone size-large wp-image-34272\" src=\"https:\/\/static-blogs.elcomercio.es\/wp-content\/uploads\/sites\/15\/2024\/01\/doc02286720240126110209_001-724x1024.jpg\" alt=\"\" width=\"724\" height=\"1024\" srcset=\"https:\/\/static-blogs.elcomercio.es\/wp-content\/uploads\/sites\/15\/2024\/01\/doc02286720240126110209_001-724x1024.jpg 724w, https:\/\/static-blogs.elcomercio.es\/wp-content\/uploads\/sites\/15\/2024\/01\/doc02286720240126110209_001-212x300.jpg 212w, https:\/\/static-blogs.elcomercio.es\/wp-content\/uploads\/sites\/15\/2024\/01\/doc02286720240126110209_001-768x1086.jpg 768w\" sizes=\"(max-width: 724px) 100vw, 724px\" \/><\/a><\/strong><\/p>\n<!-- AddThis Advanced Settings generic via filter on the_content --><!-- AddThis Share Buttons generic via filter on the_content -->","protected":false},"excerpt":{"rendered":"<p>La s\u00edntesis de las 4 Transformaciones de M\u00e9xico y la explicaci\u00f3n de lo que sucede hoy.<!-- AddThis Advanced Settings generic via filter on get_the_excerpt --><!-- AddThis Share Buttons generic via filter on get_the_excerpt --><\/p>\n","protected":false},"author":16,"featured_media":0,"comment_status":"open","ping_status":"closed","sticky":false,"template":"","format":"standard","meta":[],"categories":[1],"tags":[],"_links":{"self":[{"href":"https:\/\/blogs.elcomercio.es\/reflexiones-de-belarmino\/wp-json\/wp\/v2\/posts\/34275"}],"collection":[{"href":"https:\/\/blogs.elcomercio.es\/reflexiones-de-belarmino\/wp-json\/wp\/v2\/posts"}],"about":[{"href":"https:\/\/blogs.elcomercio.es\/reflexiones-de-belarmino\/wp-json\/wp\/v2\/types\/post"}],"author":[{"embeddable":true,"href":"https:\/\/blogs.elcomercio.es\/reflexiones-de-belarmino\/wp-json\/wp\/v2\/users\/16"}],"replies":[{"embeddable":true,"href":"https:\/\/blogs.elcomercio.es\/reflexiones-de-belarmino\/wp-json\/wp\/v2\/comments?post=34275"}],"version-history":[{"count":1,"href":"https:\/\/blogs.elcomercio.es\/reflexiones-de-belarmino\/wp-json\/wp\/v2\/posts\/34275\/revisions"}],"predecessor-version":[{"id":34276,"href":"https:\/\/blogs.elcomercio.es\/reflexiones-de-belarmino\/wp-json\/wp\/v2\/posts\/34275\/revisions\/34276"}],"wp:attachment":[{"href":"https:\/\/blogs.elcomercio.es\/reflexiones-de-belarmino\/wp-json\/wp\/v2\/media?parent=34275"}],"wp:term":[{"taxonomy":"category","embeddable":true,"href":"https:\/\/blogs.elcomercio.es\/reflexiones-de-belarmino\/wp-json\/wp\/v2\/categories?post=34275"},{"taxonomy":"post_tag","embeddable":true,"href":"https:\/\/blogs.elcomercio.es\/reflexiones-de-belarmino\/wp-json\/wp\/v2\/tags?post=34275"}],"curies":[{"name":"wp","href":"https:\/\/api.w.org\/{rel}","templated":true}]}}