{"id":34280,"date":"2024-01-26T18:35:14","date_gmt":"2024-01-26T17:35:14","guid":{"rendered":"https:\/\/blogs.elcomercio.es\/reflexiones-de-belarmino\/?p=34280"},"modified":"2024-01-26T18:35:58","modified_gmt":"2024-01-26T17:35:58","slug":"cita-el-miercoles-en-bruselas-reyhanders-a-bolanos-y-pons-para-negociacion-del-poder-judicial","status":"publish","type":"post","link":"https:\/\/blogs.elcomercio.es\/reflexiones-de-belarmino\/2024\/01\/26\/cita-el-miercoles-en-bruselas-reyhanders-a-bolanos-y-pons-para-negociacion-del-poder-judicial\/","title":{"rendered":"\u00a1\u00a1\u00a1\u00a1CITA EL MI\u00c9RCOLES EN BRUSELAS REYHANDERS A BOLA\u00d1OS Y PONS PARA NEGOCIACION DEL PODER JUDICIAL !!!"},"content":{"rendered":"<p><strong>Una buena noticia cierra este viernes 26 de enero del 2024.El Comisario de Justicia de la Uni\u00f3n Europea Didier Reyhanders\u00a0 ha citado en Bruselas a Felix Bola\u00f1os y\u00a0 a Gonzalez Pons,\u00a0 el pr\u00f3ximo mi\u00e9rcoles, para resolver como renovar el Poder Judicial de Espa\u00f1a, de la m\u00e1xima urgencia.<\/strong><\/p>\n<!-- AddThis Advanced Settings generic via filter on the_content --><!-- AddThis Share Buttons generic via filter on the_content -->","protected":false},"excerpt":{"rendered":"<p>Una buena noticia cierra este viernes 26 de enero del 2024.El Comisario de Justicia de la Uni\u00f3n Europea Didier Reyhanders\u00a0 ha citado en Bruselas a Felix Bola\u00f1os y\u00a0 a Gonzalez Pons,\u00a0 el pr\u00f3ximo mi\u00e9rcoles, para resolver como renovar el Poder Judicial de Espa\u00f1a, de la m\u00e1xima urgencia.<!-- AddThis Advanced Settings generic via filter on get_the_excerpt --><!-- AddThis Share Buttons generic via filter on get_the_excerpt --><\/p>\n","protected":false},"author":16,"featured_media":0,"comment_status":"open","ping_status":"closed","sticky":false,"template":"","format":"standard","meta":[],"categories":[1],"tags":[],"_links":{"self":[{"href":"https:\/\/blogs.elcomercio.es\/reflexiones-de-belarmino\/wp-json\/wp\/v2\/posts\/34280"}],"collection":[{"href":"https:\/\/blogs.elcomercio.es\/reflexiones-de-belarmino\/wp-json\/wp\/v2\/posts"}],"about":[{"href":"https:\/\/blogs.elcomercio.es\/reflexiones-de-belarmino\/wp-json\/wp\/v2\/types\/post"}],"author":[{"embeddable":true,"href":"https:\/\/blogs.elcomercio.es\/reflexiones-de-belarmino\/wp-json\/wp\/v2\/users\/16"}],"replies":[{"embeddable":true,"href":"https:\/\/blogs.elcomercio.es\/reflexiones-de-belarmino\/wp-json\/wp\/v2\/comments?post=34280"}],"version-history":[{"count":4,"href":"https:\/\/blogs.elcomercio.es\/reflexiones-de-belarmino\/wp-json\/wp\/v2\/posts\/34280\/revisions"}],"predecessor-version":[{"id":34284,"href":"https:\/\/blogs.elcomercio.es\/reflexiones-de-belarmino\/wp-json\/wp\/v2\/posts\/34280\/revisions\/34284"}],"wp:attachment":[{"href":"https:\/\/blogs.elcomercio.es\/reflexiones-de-belarmino\/wp-json\/wp\/v2\/media?parent=34280"}],"wp:term":[{"taxonomy":"category","embeddable":true,"href":"https:\/\/blogs.elcomercio.es\/reflexiones-de-belarmino\/wp-json\/wp\/v2\/categories?post=34280"},{"taxonomy":"post_tag","embeddable":true,"href":"https:\/\/blogs.elcomercio.es\/reflexiones-de-belarmino\/wp-json\/wp\/v2\/tags?post=34280"}],"curies":[{"name":"wp","href":"https:\/\/api.w.org\/{rel}","templated":true}]}}