{"id":34285,"date":"2024-01-26T18:43:29","date_gmt":"2024-01-26T17:43:29","guid":{"rendered":"https:\/\/blogs.elcomercio.es\/reflexiones-de-belarmino\/?p=34285"},"modified":"2024-01-26T18:43:29","modified_gmt":"2024-01-26T17:43:29","slug":"lilith-verstrynger-secretaria-de-organizacion-de-podemos-abandona-la-politica","status":"publish","type":"post","link":"https:\/\/blogs.elcomercio.es\/reflexiones-de-belarmino\/2024\/01\/26\/lilith-verstrynger-secretaria-de-organizacion-de-podemos-abandona-la-politica\/","title":{"rendered":"\u00a1\u00a1\u00a1LILITH VERSTRYNGER, SECRETARIA DE ORGANIZACI\u00d3N DE PODEMOS , ABANDONA LA POL\u00cdTICA !!!"},"content":{"rendered":"<p><strong>Cuando los\u00a0 proyectos en politica\u00a0 no son s\u00f3lidos pueden terminar en poco tiempo. Tal fue el caso de aquel Rivera o de Pablo Iglesias o de aquella dirigente de Ciudadanos que se com\u00edan al mundo, que terminar\u00e1n finalmente con el proyecto.La renuncia hoy a la politica de la secretaria de organizaci\u00f3n de Podemos Lily Verstrynger, lo confirma.<\/strong><\/p>\n<!-- AddThis Advanced Settings generic via filter on the_content --><!-- AddThis Share Buttons generic via filter on the_content -->","protected":false},"excerpt":{"rendered":"<p>Cuando los\u00a0 proyectos en politica\u00a0 no son s\u00f3lidos pueden terminar en poco tiempo. Tal fue el caso de aquel Rivera o de Pablo Iglesias o de aquella dirigente de Ciudadanos que se com\u00edan al mundo, que terminar\u00e1n finalmente con el proyecto.La renuncia hoy a la politica de la secretaria de organizaci\u00f3n de Podemos Lily Verstrynger, [&hellip;]<!-- AddThis Advanced Settings generic via filter on get_the_excerpt --><!-- AddThis Share Buttons generic via filter on get_the_excerpt --><\/p>\n","protected":false},"author":16,"featured_media":0,"comment_status":"open","ping_status":"closed","sticky":false,"template":"","format":"standard","meta":[],"categories":[1],"tags":[],"_links":{"self":[{"href":"https:\/\/blogs.elcomercio.es\/reflexiones-de-belarmino\/wp-json\/wp\/v2\/posts\/34285"}],"collection":[{"href":"https:\/\/blogs.elcomercio.es\/reflexiones-de-belarmino\/wp-json\/wp\/v2\/posts"}],"about":[{"href":"https:\/\/blogs.elcomercio.es\/reflexiones-de-belarmino\/wp-json\/wp\/v2\/types\/post"}],"author":[{"embeddable":true,"href":"https:\/\/blogs.elcomercio.es\/reflexiones-de-belarmino\/wp-json\/wp\/v2\/users\/16"}],"replies":[{"embeddable":true,"href":"https:\/\/blogs.elcomercio.es\/reflexiones-de-belarmino\/wp-json\/wp\/v2\/comments?post=34285"}],"version-history":[{"count":2,"href":"https:\/\/blogs.elcomercio.es\/reflexiones-de-belarmino\/wp-json\/wp\/v2\/posts\/34285\/revisions"}],"predecessor-version":[{"id":34287,"href":"https:\/\/blogs.elcomercio.es\/reflexiones-de-belarmino\/wp-json\/wp\/v2\/posts\/34285\/revisions\/34287"}],"wp:attachment":[{"href":"https:\/\/blogs.elcomercio.es\/reflexiones-de-belarmino\/wp-json\/wp\/v2\/media?parent=34285"}],"wp:term":[{"taxonomy":"category","embeddable":true,"href":"https:\/\/blogs.elcomercio.es\/reflexiones-de-belarmino\/wp-json\/wp\/v2\/categories?post=34285"},{"taxonomy":"post_tag","embeddable":true,"href":"https:\/\/blogs.elcomercio.es\/reflexiones-de-belarmino\/wp-json\/wp\/v2\/tags?post=34285"}],"curies":[{"name":"wp","href":"https:\/\/api.w.org\/{rel}","templated":true}]}}