{"id":34292,"date":"2024-01-28T09:56:31","date_gmt":"2024-01-28T08:56:31","guid":{"rendered":"https:\/\/blogs.elcomercio.es\/reflexiones-de-belarmino\/?p=34292"},"modified":"2024-01-28T09:56:31","modified_gmt":"2024-01-28T08:56:31","slug":"en-15-minutos-abascal-sin-votacion-ni-oposion-saca-la-asamblea-nacional-y-garantiza-4-anos-del-bunker","status":"publish","type":"post","link":"https:\/\/blogs.elcomercio.es\/reflexiones-de-belarmino\/2024\/01\/28\/en-15-minutos-abascal-sin-votacion-ni-oposion-saca-la-asamblea-nacional-y-garantiza-4-anos-del-bunker\/","title":{"rendered":"\u00a1\u00a1\u00a1EN 15 MINUTOS, ABASCAL, SIN VOTACI\u00d3N NI OPOSION, SACA  LA &#8220;ASAMBLEA NACIONAL &#8221; Y GARANTIZA  4 A\u00d1OS DEL BUNKER!!"},"content":{"rendered":"<p><b>Ayer, en al Marriot Madrid, Santiago Abascal, en 15 minutos, sin votaci\u00f3n, sin oposici\u00f3n interna, sac\u00f3\u00a0ayer su Asamblea Nacional. As\u00ed de simple. Verg\u00fcenza en la politica nacional.<\/b><\/p>\n<!-- AddThis Advanced Settings generic via filter on the_content --><!-- AddThis Share Buttons generic via filter on the_content -->","protected":false},"excerpt":{"rendered":"<p>Ayer, en al Marriot Madrid, Santiago Abascal, en 15 minutos, sin votaci\u00f3n, sin oposici\u00f3n interna, sac\u00f3\u00a0ayer su Asamblea Nacional. As\u00ed de simple. Verg\u00fcenza en la politica nacional.<!-- AddThis Advanced Settings generic via filter on get_the_excerpt --><!-- AddThis Share Buttons generic via filter on get_the_excerpt --><\/p>\n","protected":false},"author":16,"featured_media":0,"comment_status":"open","ping_status":"closed","sticky":false,"template":"","format":"standard","meta":[],"categories":[1],"tags":[],"_links":{"self":[{"href":"https:\/\/blogs.elcomercio.es\/reflexiones-de-belarmino\/wp-json\/wp\/v2\/posts\/34292"}],"collection":[{"href":"https:\/\/blogs.elcomercio.es\/reflexiones-de-belarmino\/wp-json\/wp\/v2\/posts"}],"about":[{"href":"https:\/\/blogs.elcomercio.es\/reflexiones-de-belarmino\/wp-json\/wp\/v2\/types\/post"}],"author":[{"embeddable":true,"href":"https:\/\/blogs.elcomercio.es\/reflexiones-de-belarmino\/wp-json\/wp\/v2\/users\/16"}],"replies":[{"embeddable":true,"href":"https:\/\/blogs.elcomercio.es\/reflexiones-de-belarmino\/wp-json\/wp\/v2\/comments?post=34292"}],"version-history":[{"count":2,"href":"https:\/\/blogs.elcomercio.es\/reflexiones-de-belarmino\/wp-json\/wp\/v2\/posts\/34292\/revisions"}],"predecessor-version":[{"id":34294,"href":"https:\/\/blogs.elcomercio.es\/reflexiones-de-belarmino\/wp-json\/wp\/v2\/posts\/34292\/revisions\/34294"}],"wp:attachment":[{"href":"https:\/\/blogs.elcomercio.es\/reflexiones-de-belarmino\/wp-json\/wp\/v2\/media?parent=34292"}],"wp:term":[{"taxonomy":"category","embeddable":true,"href":"https:\/\/blogs.elcomercio.es\/reflexiones-de-belarmino\/wp-json\/wp\/v2\/categories?post=34292"},{"taxonomy":"post_tag","embeddable":true,"href":"https:\/\/blogs.elcomercio.es\/reflexiones-de-belarmino\/wp-json\/wp\/v2\/tags?post=34292"}],"curies":[{"name":"wp","href":"https:\/\/api.w.org\/{rel}","templated":true}]}}