{"id":34301,"date":"2024-01-28T16:55:33","date_gmt":"2024-01-28T15:55:33","guid":{"rendered":"https:\/\/blogs.elcomercio.es\/reflexiones-de-belarmino\/?p=34301"},"modified":"2024-01-28T16:55:33","modified_gmt":"2024-01-28T15:55:33","slug":"60000-personas-reunen-feijoo-y-diaz-ayuso-en-madrid-para-rescatar-a-espana-a-dos-dias-de-votacion-de-ley-de-amnistia","status":"publish","type":"post","link":"https:\/\/blogs.elcomercio.es\/reflexiones-de-belarmino\/2024\/01\/28\/60000-personas-reunen-feijoo-y-diaz-ayuso-en-madrid-para-rescatar-a-espana-a-dos-dias-de-votacion-de-ley-de-amnistia\/","title":{"rendered":"\u00a1\u00a1\u00a1\u00a160,000 PERSONAS REUNEN FEIJOO Y DIAZ AYUSO EN MADRID, PARA &#8220;RESCATAR A ESPA\u00d1A&#8221; A DOS D\u00cdAS DE VOTACI\u00d3N DE LEY DE AMNISTIA !!!"},"content":{"rendered":"<p><b>Con el apoyo de 60,000 personas, en Plaza Espa\u00f1a, Feij\u00f3o quiso dar una demostraci\u00f3n de fuerza para parar la Ley de Amnist\u00eda, que el martes se discute en el Congreso. &#8220;Entre la Amnist\u00eda\u00a0y Espa\u00f1a, Espa\u00f1a&#8221;, fue la consigna..<\/b><\/p>\n<p><b>La ley ser\u00e1 aprobada, y podr\u00eda terminar ene el Constitucional, al que ayer Gonzalez Pons, quiz\u00e1s sabedor ya de algo, llam\u00f3 &#8221; c\u00e1ncer\u00a0de Espa\u00f1a. &#8220;<\/b><\/p>\n<!-- AddThis Advanced Settings generic via filter on the_content --><!-- AddThis Share Buttons generic via filter on the_content -->","protected":false},"excerpt":{"rendered":"<p>Con el apoyo de 60,000 personas, en Plaza Espa\u00f1a, Feij\u00f3o quiso dar una demostraci\u00f3n de fuerza para parar la Ley de Amnist\u00eda, que el martes se discute en el Congreso. &#8220;Entre la Amnist\u00eda\u00a0y Espa\u00f1a, Espa\u00f1a&#8221;, fue la consigna.. La ley ser\u00e1 aprobada, y podr\u00eda terminar ene el Constitucional, al que ayer Gonzalez Pons, quiz\u00e1s sabedor [&hellip;]<!-- AddThis Advanced Settings generic via filter on get_the_excerpt --><!-- AddThis Share Buttons generic via filter on get_the_excerpt --><\/p>\n","protected":false},"author":16,"featured_media":0,"comment_status":"open","ping_status":"closed","sticky":false,"template":"","format":"standard","meta":[],"categories":[1],"tags":[],"_links":{"self":[{"href":"https:\/\/blogs.elcomercio.es\/reflexiones-de-belarmino\/wp-json\/wp\/v2\/posts\/34301"}],"collection":[{"href":"https:\/\/blogs.elcomercio.es\/reflexiones-de-belarmino\/wp-json\/wp\/v2\/posts"}],"about":[{"href":"https:\/\/blogs.elcomercio.es\/reflexiones-de-belarmino\/wp-json\/wp\/v2\/types\/post"}],"author":[{"embeddable":true,"href":"https:\/\/blogs.elcomercio.es\/reflexiones-de-belarmino\/wp-json\/wp\/v2\/users\/16"}],"replies":[{"embeddable":true,"href":"https:\/\/blogs.elcomercio.es\/reflexiones-de-belarmino\/wp-json\/wp\/v2\/comments?post=34301"}],"version-history":[{"count":2,"href":"https:\/\/blogs.elcomercio.es\/reflexiones-de-belarmino\/wp-json\/wp\/v2\/posts\/34301\/revisions"}],"predecessor-version":[{"id":34303,"href":"https:\/\/blogs.elcomercio.es\/reflexiones-de-belarmino\/wp-json\/wp\/v2\/posts\/34301\/revisions\/34303"}],"wp:attachment":[{"href":"https:\/\/blogs.elcomercio.es\/reflexiones-de-belarmino\/wp-json\/wp\/v2\/media?parent=34301"}],"wp:term":[{"taxonomy":"category","embeddable":true,"href":"https:\/\/blogs.elcomercio.es\/reflexiones-de-belarmino\/wp-json\/wp\/v2\/categories?post=34301"},{"taxonomy":"post_tag","embeddable":true,"href":"https:\/\/blogs.elcomercio.es\/reflexiones-de-belarmino\/wp-json\/wp\/v2\/tags?post=34301"}],"curies":[{"name":"wp","href":"https:\/\/api.w.org\/{rel}","templated":true}]}}