{"id":34304,"date":"2024-01-28T17:06:19","date_gmt":"2024-01-28T16:06:19","guid":{"rendered":"https:\/\/blogs.elcomercio.es\/reflexiones-de-belarmino\/?p=34304"},"modified":"2024-01-28T17:06:19","modified_gmt":"2024-01-28T16:06:19","slug":"netanyahu-reprime-familiares-de-los-rehenes-se-reunen-en-paris-hoy-jefes-de-inteligencia-de-ee-uu-israel-qatar-y-egipto-para-buscar-su-liberacion","status":"publish","type":"post","link":"https:\/\/blogs.elcomercio.es\/reflexiones-de-belarmino\/2024\/01\/28\/netanyahu-reprime-familiares-de-los-rehenes-se-reunen-en-paris-hoy-jefes-de-inteligencia-de-ee-uu-israel-qatar-y-egipto-para-buscar-su-liberacion\/","title":{"rendered":"\u00a1\u00a1\u00a1 NETANYAHU REPRIME FAMILIARES DE LOS REHENES.SE RE\u00daNEN EN PAR\u00cdS HOY JEFES DE INTELIGENCIA DE EE.UU. ISRAEL, QATAR y EGIPTO PARA BUSCAR SU LIBERACI\u00d3N !!!"},"content":{"rendered":"<p><b>Mientras en Par\u00eds se re\u00fanen\u00a0hoy los jefes de las Agencias de Inteligencia\u00a0de EE:UU, Israeel, Qatar y\u00a0<\/b><b>Egipto, hoy el gobierno de Netanyahu carg\u00f3 contra los familiares de los rehenes. Cada es mayor la oposici\u00f3n en las calles contra el gobierno de Benjamin Netanyahu.<\/b><\/p>\n<!-- AddThis Advanced Settings generic via filter on the_content --><!-- AddThis Share Buttons generic via filter on the_content -->","protected":false},"excerpt":{"rendered":"<p>Mientras en Par\u00eds se re\u00fanen\u00a0hoy los jefes de las Agencias de Inteligencia\u00a0de EE:UU, Israeel, Qatar y\u00a0Egipto, hoy el gobierno de Netanyahu carg\u00f3 contra los familiares de los rehenes. Cada es mayor la oposici\u00f3n en las calles contra el gobierno de Benjamin Netanyahu.<!-- AddThis Advanced Settings generic via filter on get_the_excerpt --><!-- AddThis Share Buttons generic via filter on get_the_excerpt --><\/p>\n","protected":false},"author":16,"featured_media":0,"comment_status":"open","ping_status":"closed","sticky":false,"template":"","format":"standard","meta":[],"categories":[1],"tags":[],"_links":{"self":[{"href":"https:\/\/blogs.elcomercio.es\/reflexiones-de-belarmino\/wp-json\/wp\/v2\/posts\/34304"}],"collection":[{"href":"https:\/\/blogs.elcomercio.es\/reflexiones-de-belarmino\/wp-json\/wp\/v2\/posts"}],"about":[{"href":"https:\/\/blogs.elcomercio.es\/reflexiones-de-belarmino\/wp-json\/wp\/v2\/types\/post"}],"author":[{"embeddable":true,"href":"https:\/\/blogs.elcomercio.es\/reflexiones-de-belarmino\/wp-json\/wp\/v2\/users\/16"}],"replies":[{"embeddable":true,"href":"https:\/\/blogs.elcomercio.es\/reflexiones-de-belarmino\/wp-json\/wp\/v2\/comments?post=34304"}],"version-history":[{"count":4,"href":"https:\/\/blogs.elcomercio.es\/reflexiones-de-belarmino\/wp-json\/wp\/v2\/posts\/34304\/revisions"}],"predecessor-version":[{"id":34308,"href":"https:\/\/blogs.elcomercio.es\/reflexiones-de-belarmino\/wp-json\/wp\/v2\/posts\/34304\/revisions\/34308"}],"wp:attachment":[{"href":"https:\/\/blogs.elcomercio.es\/reflexiones-de-belarmino\/wp-json\/wp\/v2\/media?parent=34304"}],"wp:term":[{"taxonomy":"category","embeddable":true,"href":"https:\/\/blogs.elcomercio.es\/reflexiones-de-belarmino\/wp-json\/wp\/v2\/categories?post=34304"},{"taxonomy":"post_tag","embeddable":true,"href":"https:\/\/blogs.elcomercio.es\/reflexiones-de-belarmino\/wp-json\/wp\/v2\/tags?post=34304"}],"curies":[{"name":"wp","href":"https:\/\/api.w.org\/{rel}","templated":true}]}}