{"id":34326,"date":"2024-01-30T12:50:05","date_gmt":"2024-01-30T11:50:05","guid":{"rendered":"https:\/\/blogs.elcomercio.es\/reflexiones-de-belarmino\/?p=34326"},"modified":"2024-01-30T12:50:05","modified_gmt":"2024-01-30T11:50:05","slug":"hackean-a-los-periodistas-de-la-mananera-desde-espana-donde-salinas-pliego-con-13200-millones-debe-al-fisco-2000-millones-espana-el-camino-y-tras-ellos-aznar","status":"publish","type":"post","link":"https:\/\/blogs.elcomercio.es\/reflexiones-de-belarmino\/2024\/01\/30\/hackean-a-los-periodistas-de-la-mananera-desde-espana-donde-salinas-pliego-con-13200-millones-debe-al-fisco-2000-millones-espana-el-camino-y-tras-ellos-aznar\/","title":{"rendered":"\u00a1\u00a1\u00a1HACKEAN A LOS PERIODISTAS DE LA &#8220;MA\u00d1ANERA&#8221; DESDE ESPA\u00d1A, DONDE SALINAS PLIEGO CON 13,200 MILLONES, DEBE AL FISCO 2,000 MILLONES: ESPA\u00d1A, EL CAMINO, Y TRAS ELLOS AZNAR !!!"},"content":{"rendered":"<p><strong>\u00bf A donde se est\u00e1n trasladando las grandes fortuna de Am\u00e9rica Latina, a los ex presidentes de M\u00e9xico, a los Carteles ?. Por supuesto a Espa\u00f1a, bajo la protecci\u00f3n de Jos\u00e9 Maria Aznar.<\/strong><\/p>\n<p><b>Ricardo Salinas Pliego que le compr\u00f3 Televisi\u00f3n Azteca a precio de saldo a Salinas de Gortari y que debe en M\u00e9xico 2,000 millones de dolares por evasi\u00f3n de impuestos, tiene los 13,200 millones protegidos a trav\u00e9s de la ley que impuso Rajoy sobre las grandes fortunas de fuera que se beneficiar\u00edan\u00a0tray\u00e9ndolos\u00a0a Espa\u00f1a.<\/b><\/p>\n<p><b>Adem\u00e1s, ya est\u00e1n las pruebas de que a los 359 periodistas acreditados\u00a0en Las Ma\u00f1aneras, fueron hackeados desde ESPA\u00d1A.<\/b><\/p>\n<p>&nbsp;<\/p>\n<p>&nbsp;<\/p>\n<!-- AddThis Advanced Settings generic via filter on the_content --><!-- AddThis Share Buttons generic via filter on the_content -->","protected":false},"excerpt":{"rendered":"<p>\u00bf A donde se est\u00e1n trasladando las grandes fortuna de Am\u00e9rica Latina, a los ex presidentes de M\u00e9xico, a los Carteles ?. Por supuesto a Espa\u00f1a, bajo la protecci\u00f3n de Jos\u00e9 Maria Aznar. Ricardo Salinas Pliego que le compr\u00f3 Televisi\u00f3n Azteca a precio de saldo a Salinas de Gortari y que debe en M\u00e9xico 2,000 [&hellip;]<!-- AddThis Advanced Settings generic via filter on get_the_excerpt --><!-- AddThis Share Buttons generic via filter on get_the_excerpt --><\/p>\n","protected":false},"author":16,"featured_media":0,"comment_status":"open","ping_status":"closed","sticky":false,"template":"","format":"standard","meta":[],"categories":[1],"tags":[],"_links":{"self":[{"href":"https:\/\/blogs.elcomercio.es\/reflexiones-de-belarmino\/wp-json\/wp\/v2\/posts\/34326"}],"collection":[{"href":"https:\/\/blogs.elcomercio.es\/reflexiones-de-belarmino\/wp-json\/wp\/v2\/posts"}],"about":[{"href":"https:\/\/blogs.elcomercio.es\/reflexiones-de-belarmino\/wp-json\/wp\/v2\/types\/post"}],"author":[{"embeddable":true,"href":"https:\/\/blogs.elcomercio.es\/reflexiones-de-belarmino\/wp-json\/wp\/v2\/users\/16"}],"replies":[{"embeddable":true,"href":"https:\/\/blogs.elcomercio.es\/reflexiones-de-belarmino\/wp-json\/wp\/v2\/comments?post=34326"}],"version-history":[{"count":3,"href":"https:\/\/blogs.elcomercio.es\/reflexiones-de-belarmino\/wp-json\/wp\/v2\/posts\/34326\/revisions"}],"predecessor-version":[{"id":34329,"href":"https:\/\/blogs.elcomercio.es\/reflexiones-de-belarmino\/wp-json\/wp\/v2\/posts\/34326\/revisions\/34329"}],"wp:attachment":[{"href":"https:\/\/blogs.elcomercio.es\/reflexiones-de-belarmino\/wp-json\/wp\/v2\/media?parent=34326"}],"wp:term":[{"taxonomy":"category","embeddable":true,"href":"https:\/\/blogs.elcomercio.es\/reflexiones-de-belarmino\/wp-json\/wp\/v2\/categories?post=34326"},{"taxonomy":"post_tag","embeddable":true,"href":"https:\/\/blogs.elcomercio.es\/reflexiones-de-belarmino\/wp-json\/wp\/v2\/tags?post=34326"}],"curies":[{"name":"wp","href":"https:\/\/api.w.org\/{rel}","templated":true}]}}