{"id":34343,"date":"2024-02-01T10:11:42","date_gmt":"2024-02-01T09:11:42","guid":{"rendered":"https:\/\/blogs.elcomercio.es\/reflexiones-de-belarmino\/?p=34343"},"modified":"2024-02-01T10:11:42","modified_gmt":"2024-02-01T09:11:42","slug":"la-fineza-de-adrian-barbon-41-anos-despues-alguien-me-invito-un-cafe-en-aquel-edificio","status":"publish","type":"post","link":"https:\/\/blogs.elcomercio.es\/reflexiones-de-belarmino\/2024\/02\/01\/la-fineza-de-adrian-barbon-41-anos-despues-alguien-me-invito-un-cafe-en-aquel-edificio\/","title":{"rendered":"\u00a1\u00a1\u00a1\u00a1LA FINEZA DE ADRIAN BARBON.- 41 A\u00d1OS DESPU\u00c9S ALGUIEN ME INVIT\u00d3 UN CAF\u00c9 EN AQUEL EDIFICIO !!!"},"content":{"rendered":"<p><b>En 1982, siendo mi padre primer presidente del Principado, nunca olvid\u00e9 aquella ma\u00f1ana en que en su despacho entonces en la primera planta de la Junta General\u00a0 del Principado, en la contra esquina que da vista al parque San Francisco, aquel hombre con 70 a\u00f1os, me se\u00f1alaba a un edificio blanco a 50 metros de aquella oficina, donde era un hombre feliz: &#8221; Mira Rafal, ese edificio lo voy a comprar, creo que a Massaveu y creo Banco de Espa\u00f1a, para que sean las oficinas de la presidencia del Principado&#8221;. Nunca estuve en \u00e9l, y por supuesto, en estos 17 a\u00f1os nadie me invit\u00f3 a tomar un caf\u00e9&#8230;hasta ayer en la tarde.<\/b><\/p>\n<p><b>Un amigo me ense\u00f1aba en los Apartamentos Gij\u00f3n, los mensajes que mandaba el presidente\u00a0del Principado Adri\u00e1n Barb\u00f3n, y en donde se recordaba que si habia habido un presidente, siempre omitido, que se hab\u00eda\u00a0llamado Rafael Fern\u00e1ndez. Otro d\u00eda, ven\u00eda y me comentaba el mensaje diario de presidente a los asturianos donde se hablaba\u00a0 del Consejo Soberano de Asturias y Le\u00f3n y de un tal Belarmino Tom\u00e1s, del cual algunos recordaban por aquellos billetes que en 1936 y 1937, era la moneda en Asturias llamados &#8221; Belarminos&#8221;.<\/b><\/p>\n<p><strong>Comprend\u00ed que algo hab\u00eda cambiado, y ese alguien era Adri\u00e1n Barb\u00f3n, que rescataba el pasado para edificar el futuro.<\/strong><\/p>\n<p><strong>Cuando en 2007, al mes de retornar, en Cand\u00e1s , aquella inolvidable trabajadora social joven, de Avila, me dec\u00eda: &#8221; Rafael hay algo que no nos encaja a ls compa\u00f1eros y a mi. Como dice que usted viene a iniciar su segunda vida a los 67 a\u00f1os, si aqu\u00ed nos jubilamos a los 65 &#8220;.<\/strong><\/p>\n<p><b>Por ello, tras haber acompa\u00f1ado a Belarmino y Severina( que los traje de M\u00e9xico en 1984)\u00a0 al cementerio de El Pando y y luego a Pura, m\u00e1s tarde a Rafael a El Salvador en Oviedo, yo hab\u00eda cumplido en esa segunda vida con que mis viejos descansaran\u00a0en paz en su Asturias querida, y habiendo terminado los 9 libros sobre la historia de ellos y su generaci\u00f3n, consider\u00e9\u00a0 que era el momento de cerrar la Segunda Vida.<\/b><\/p>\n<p><strong>Mande un correo certificado a Oviedo a Presidencia, quienes se pusieron en contacto conmigo, y en medio de todos los problemas del pa\u00eds y de la regi\u00f3n, este lunes se comunic\u00f3 conmigo el Jefe del Gabinete Manuel Granda, avilesino, buena persona efciente y ayer vino \u00e9l a buscarme en un auto, para llevar las dos maletas del Archivo personal de nuestra familia, del cual soy\u00a0 el \u00fanico que tengo el gusto de tener vida.<\/strong><\/p>\n<p><strong>Y, por fin, 41 a\u00f1os despu\u00e9s, llegu\u00e9 a aquel edificio del que me hab\u00eda hablado mi padre. Casi no lo cre\u00eda.<\/strong><\/p>\n<p><b>A las 5 de la tarde, apareci\u00f3\u00a0Adr\u00ed\u00e1n , joven, muy buen aspecto, fino y cordial, y nos sentamos en su oficina, donde por primera vez un Presidente del Principado me invit\u00f3 a un caf\u00e9, y como compa\u00f1eros asturianos y socialista.<\/b><\/p>\n<p><b>En un ambiente relejado, le llev\u00e9 las fotograf\u00edas\u00a0de la Primera Vida, en M\u00e9xico, desde que nac\u00ed, hasta que regres\u00e9 a los 67 a\u00f1os. Era la vida de un modesto luchador social, que como miles y miles luchamos por cambiar\u00a0a M\u00e9xico y lo logramos. La primera vida,\u00a0 me dio\u00a0el lujo de dejar a lo que mas quiero, mis hijas y mis nietos UN PA\u00cdS\u00a0SUPERIOR AL QUE RECIB\u00cd.<\/b><\/p>\n<p><strong>Y, sin prisa, con cari\u00f1o de compa\u00f1eros del mismo origen las cuencas mineras asturianas, el hombre escuchaba y preguntaba.<\/strong><\/p>\n<p><b>Al entregarle\u00a0las dos maletas con todo mi archivo, le dec\u00eda que terminaba mi Segunda Vida .Con sensibilidad por que estaban las fotos de tres generaciones, cuatro con las de mis hijas y nietos, siempre acompa\u00f1ados\u00a0por Manuel\u00a0 Granda, prudente, los van a digitalizar y devolverme los originales que quedar\u00e1n en Cancun en las bibliotecas de mis hijas Paloma y Acacia..<\/b><\/p>\n<p><strong>Cuando le coment\u00e9 que con esa entrevista, esa conversaci\u00f3n, terminaba la segunda\u00a0 vida, faltaba\u00a0 la sorpresa que aquel muchacho, hoy Presidente del Principado, me llev\u00f3 a la planta baja y encontr\u00e9 la sorpresa: La sala donde da sus conferencias de prensa y actos importantes, se llama&#8230;.Sala&#8221; RAFAEL FERNANDEZ &#8221; y en el otro extremo, a 30 metros, como en la vida, est\u00e1 la sala especial, para invitados especiales, estaba una sala con muebles de hace 90 a\u00f1os, donde se firm\u00f3 la Soberan\u00eda y se gobierno 461 dias Asturias en aquel Consejo Soberano de Asturias y L\u00e9on: Sala BELARMINO TOMAS.<\/strong><\/p>\n<p><b>La verdad, fue una emoci\u00f3n muy grande, que nunca olvidar\u00e9 de Adr\u00edan Barb\u00f3n. Hab\u00eda rescatado el pasado heroico\u00a0del siglo XX de los asturianos, para sentar las bases para el el futuro de Asturias. Era mi sue\u00f1o, pero , Adr\u00edan ya lo hab\u00eda materializado, sabedor de los tiempos.<\/b><\/p>\n<p><strong>Cuando, nos despedimos con un abrazo en la puerta donde estaba el automovil que me regresar\u00eda a Gij\u00f3n.<\/strong><\/p>\n<p><strong>Empiezo a los 84 a\u00f1os la Tercera Vida.<\/strong><\/p>\n<p><strong>En la autopista, pensaba:\u00bf Cuanto costaba ese detalle de Adri\u00e1n a uno mas de los sin nada?<\/strong><\/p>\n<p><strong>\u00a1\u00a1\u00a1 No tiene precio !!!<\/strong><\/p>\n<p>&nbsp;<\/p>\n<p>&nbsp;<\/p>\n<p>&nbsp;<\/p>\n<p>&nbsp;<\/p>\n<!-- AddThis Advanced Settings generic via filter on the_content --><!-- AddThis Share Buttons generic via filter on the_content -->","protected":false},"excerpt":{"rendered":"<p>En 1982, siendo mi padre primer presidente del Principado, nunca olvid\u00e9 aquella ma\u00f1ana en que en su despacho entonces en la primera planta de la Junta General\u00a0 del Principado, en la contra esquina que da vista al parque San Francisco, aquel hombre con 70 a\u00f1os, me se\u00f1alaba a un edificio blanco a 50 metros de [&hellip;]<!-- AddThis Advanced Settings generic via filter on get_the_excerpt --><!-- AddThis Share Buttons generic via filter on get_the_excerpt --><\/p>\n","protected":false},"author":16,"featured_media":0,"comment_status":"open","ping_status":"closed","sticky":false,"template":"","format":"standard","meta":[],"categories":[1],"tags":[],"_links":{"self":[{"href":"https:\/\/blogs.elcomercio.es\/reflexiones-de-belarmino\/wp-json\/wp\/v2\/posts\/34343"}],"collection":[{"href":"https:\/\/blogs.elcomercio.es\/reflexiones-de-belarmino\/wp-json\/wp\/v2\/posts"}],"about":[{"href":"https:\/\/blogs.elcomercio.es\/reflexiones-de-belarmino\/wp-json\/wp\/v2\/types\/post"}],"author":[{"embeddable":true,"href":"https:\/\/blogs.elcomercio.es\/reflexiones-de-belarmino\/wp-json\/wp\/v2\/users\/16"}],"replies":[{"embeddable":true,"href":"https:\/\/blogs.elcomercio.es\/reflexiones-de-belarmino\/wp-json\/wp\/v2\/comments?post=34343"}],"version-history":[{"count":2,"href":"https:\/\/blogs.elcomercio.es\/reflexiones-de-belarmino\/wp-json\/wp\/v2\/posts\/34343\/revisions"}],"predecessor-version":[{"id":34345,"href":"https:\/\/blogs.elcomercio.es\/reflexiones-de-belarmino\/wp-json\/wp\/v2\/posts\/34343\/revisions\/34345"}],"wp:attachment":[{"href":"https:\/\/blogs.elcomercio.es\/reflexiones-de-belarmino\/wp-json\/wp\/v2\/media?parent=34343"}],"wp:term":[{"taxonomy":"category","embeddable":true,"href":"https:\/\/blogs.elcomercio.es\/reflexiones-de-belarmino\/wp-json\/wp\/v2\/categories?post=34343"},{"taxonomy":"post_tag","embeddable":true,"href":"https:\/\/blogs.elcomercio.es\/reflexiones-de-belarmino\/wp-json\/wp\/v2\/tags?post=34343"}],"curies":[{"name":"wp","href":"https:\/\/api.w.org\/{rel}","templated":true}]}}