{"id":34346,"date":"2024-02-01T17:13:15","date_gmt":"2024-02-01T16:13:15","guid":{"rendered":"https:\/\/blogs.elcomercio.es\/reflexiones-de-belarmino\/?p=34346"},"modified":"2024-02-01T17:13:15","modified_gmt":"2024-02-01T16:13:15","slug":"el-ilustre-ciudadano-que-se-sento-a-mi-lado-y-los-15-minutos-despotricaba-contra-los-sociatas-los-rojosetc","status":"publish","type":"post","link":"https:\/\/blogs.elcomercio.es\/reflexiones-de-belarmino\/2024\/02\/01\/el-ilustre-ciudadano-que-se-sento-a-mi-lado-y-los-15-minutos-despotricaba-contra-los-sociatas-los-rojosetc\/","title":{"rendered":"\u00a1\u00a1\u00a1EL &#8220;ILUSTRE&#8221; CIUDADANO QUE SE SENT\u00d3 A MI LADO Y LOS 15 MINUTOS DESPOTRICABA CONTRA LOS SOCIATAS, LOS ROJOS,ETC !!!"},"content":{"rendered":"<p><b>Hace un momento sal\u00eda de la farmacia\u00a0del Ateneo de la Calzada\u00a0 e hice un alto para esperar el 1. No habia nadie. De pronto, fuera de lo frecuente, personas mayores, familias, hombres cansados aprovechan, ese banquillo, se sienta a mi lado un hombre de 40 a\u00f1os fuerte, y,como deseando que lo escuchara, empez\u00f3 a\u00a0 hablar, a amenazar a los sociatas, los rojos, los hijos de puta, que habr\u00eda que desapareceros\u00a0de la tierra, y encima maricones&#8230;..y segu\u00eda, cuanto nos hace falta Blas Pi\u00f1ar sin hacerle caso, hasta que lleg\u00f3 el autob\u00fas.. Lo \u00faltimo que escuche, fueron &#8220;ya ver\u00e1n dentro de dos a\u00f1os&#8230;.<\/b><\/p>\n<p><b>\u00bf Casualidad?, \u00bf deseo que lo escuchara?, \u00bf mensaje ?. \u00bf o simple casualidad ?.<\/b><\/p>\n<p><strong>Ah\u00ed lo dejo&#8230;&#8230;.<\/strong><\/p>\n<p>&nbsp;<\/p>\n<p>&nbsp;<\/p>\n<!-- AddThis Advanced Settings generic via filter on the_content --><!-- AddThis Share Buttons generic via filter on the_content -->","protected":false},"excerpt":{"rendered":"<p>Hace un momento sal\u00eda de la farmacia\u00a0del Ateneo de la Calzada\u00a0 e hice un alto para esperar el 1. No habia nadie. De pronto, fuera de lo frecuente, personas mayores, familias, hombres cansados aprovechan, ese banquillo, se sienta a mi lado un hombre de 40 a\u00f1os fuerte, y,como deseando que lo escuchara, empez\u00f3 a\u00a0 hablar, [&hellip;]<!-- AddThis Advanced Settings generic via filter on get_the_excerpt --><!-- AddThis Share Buttons generic via filter on get_the_excerpt --><\/p>\n","protected":false},"author":16,"featured_media":0,"comment_status":"open","ping_status":"closed","sticky":false,"template":"","format":"standard","meta":[],"categories":[1],"tags":[],"_links":{"self":[{"href":"https:\/\/blogs.elcomercio.es\/reflexiones-de-belarmino\/wp-json\/wp\/v2\/posts\/34346"}],"collection":[{"href":"https:\/\/blogs.elcomercio.es\/reflexiones-de-belarmino\/wp-json\/wp\/v2\/posts"}],"about":[{"href":"https:\/\/blogs.elcomercio.es\/reflexiones-de-belarmino\/wp-json\/wp\/v2\/types\/post"}],"author":[{"embeddable":true,"href":"https:\/\/blogs.elcomercio.es\/reflexiones-de-belarmino\/wp-json\/wp\/v2\/users\/16"}],"replies":[{"embeddable":true,"href":"https:\/\/blogs.elcomercio.es\/reflexiones-de-belarmino\/wp-json\/wp\/v2\/comments?post=34346"}],"version-history":[{"count":2,"href":"https:\/\/blogs.elcomercio.es\/reflexiones-de-belarmino\/wp-json\/wp\/v2\/posts\/34346\/revisions"}],"predecessor-version":[{"id":34348,"href":"https:\/\/blogs.elcomercio.es\/reflexiones-de-belarmino\/wp-json\/wp\/v2\/posts\/34346\/revisions\/34348"}],"wp:attachment":[{"href":"https:\/\/blogs.elcomercio.es\/reflexiones-de-belarmino\/wp-json\/wp\/v2\/media?parent=34346"}],"wp:term":[{"taxonomy":"category","embeddable":true,"href":"https:\/\/blogs.elcomercio.es\/reflexiones-de-belarmino\/wp-json\/wp\/v2\/categories?post=34346"},{"taxonomy":"post_tag","embeddable":true,"href":"https:\/\/blogs.elcomercio.es\/reflexiones-de-belarmino\/wp-json\/wp\/v2\/tags?post=34346"}],"curies":[{"name":"wp","href":"https:\/\/api.w.org\/{rel}","templated":true}]}}