{"id":34349,"date":"2024-02-01T18:28:38","date_gmt":"2024-02-01T17:28:38","guid":{"rendered":"https:\/\/blogs.elcomercio.es\/reflexiones-de-belarmino\/?p=34349"},"modified":"2024-02-01T18:28:38","modified_gmt":"2024-02-01T17:28:38","slug":"el-agua-la-cronica-de-una-crisis-anunciada-quizas-el-mayor-reto-de-la-humanidad","status":"publish","type":"post","link":"https:\/\/blogs.elcomercio.es\/reflexiones-de-belarmino\/2024\/02\/01\/el-agua-la-cronica-de-una-crisis-anunciada-quizas-el-mayor-reto-de-la-humanidad\/","title":{"rendered":"\u00a1\u00a1\u00a1\u00a1\u00a1 EL AGUA, LA CR\u00d3NICA DE UNA CRISIS ANUNCIADA, QUIZ\u00c1S EL MAYOR RETO DE LA HUMANIDAD !!!"},"content":{"rendered":"<p><b>El agua, como el sol, el aire, la tierra siempre\u00a0han estado a nuestra vista. Gracias a ellos podemos vivir, y a lo largo de la historia, el sol dej\u00f3\u00a0de brillar en el 534-535 por la erupci\u00f3n\u00a0de El Ilopango en El Salvador y cubri\u00f3\u00a0 la tierra un a\u00f1o donde los que nos llegaba del sol era del nivel de los rayos de la luna, y muri\u00f3 la vegetaci\u00f3n, entraron las enfermedades,\u00a0 el deplome de los humanos ser\u00eda espantoso, cayeron los persas, los v\u00e1ndalos, Teotihuacan.y parte de la cultura maya.<\/b><\/p>\n<p><b>65 millones de a\u00f1os antes en la\u00a0 pen\u00ednsula\u00a0de Yucat\u00e1n, habia ca\u00eddo\u00a0aquel meteorito de 42 x 12 kil\u00f3metros\u00a0que acabo con los dinosaurios en Chicxulub Puerto, pero la tierra siempre existi\u00f3, como el mar, el agua dulce, el oxigeno del aire, pero afect\u00f3 mucho la falta de agua,que terminaron con el Imperio Egipcio.<\/b><\/p>\n<p><b>Todos sabemos del Cambio Clim\u00e1tico, todos sabemos de las sequ\u00edas quee provoca, pero si un d\u00eda no hubiese agua dulce para los 8,000 millones, sin agua no podriamos vivir. Todos lo sabemos, pero solo las grandes paises, han empezado la lucha por el agua. Traidores en cada pa\u00eds, PRIVATIZAN EL AGUA, sin darnos\u00a0cuenta de su importancia, hasta que llegan las noticias como la de hoy, y por que estamos\u00a0en Europa, por que las grandes sequ\u00edas\u00a0ene\u00a0 Africa, nadie habla de ellas. Hoy el Gobierno de Catalunya, ha decretado la EMERGENCIA POR SEQU\u00cdA.<\/b><\/p>\n<p><b>Y apenas empieza. Este es un problema ESTRAT\u00c9GICO\u00a0<\/b><b>MUNDIAL<\/b><\/p>\n<!-- AddThis Advanced Settings generic via filter on the_content --><!-- AddThis Share Buttons generic via filter on the_content -->","protected":false},"excerpt":{"rendered":"<p>El agua, como el sol, el aire, la tierra siempre\u00a0han estado a nuestra vista. Gracias a ellos podemos vivir, y a lo largo de la historia, el sol dej\u00f3\u00a0de brillar en el 534-535 por la erupci\u00f3n\u00a0de El Ilopango en El Salvador y cubri\u00f3\u00a0 la tierra un a\u00f1o donde los que nos llegaba del sol era [&hellip;]<!-- AddThis Advanced Settings generic via filter on get_the_excerpt --><!-- AddThis Share Buttons generic via filter on get_the_excerpt --><\/p>\n","protected":false},"author":16,"featured_media":0,"comment_status":"open","ping_status":"closed","sticky":false,"template":"","format":"standard","meta":[],"categories":[1],"tags":[],"_links":{"self":[{"href":"https:\/\/blogs.elcomercio.es\/reflexiones-de-belarmino\/wp-json\/wp\/v2\/posts\/34349"}],"collection":[{"href":"https:\/\/blogs.elcomercio.es\/reflexiones-de-belarmino\/wp-json\/wp\/v2\/posts"}],"about":[{"href":"https:\/\/blogs.elcomercio.es\/reflexiones-de-belarmino\/wp-json\/wp\/v2\/types\/post"}],"author":[{"embeddable":true,"href":"https:\/\/blogs.elcomercio.es\/reflexiones-de-belarmino\/wp-json\/wp\/v2\/users\/16"}],"replies":[{"embeddable":true,"href":"https:\/\/blogs.elcomercio.es\/reflexiones-de-belarmino\/wp-json\/wp\/v2\/comments?post=34349"}],"version-history":[{"count":1,"href":"https:\/\/blogs.elcomercio.es\/reflexiones-de-belarmino\/wp-json\/wp\/v2\/posts\/34349\/revisions"}],"predecessor-version":[{"id":34350,"href":"https:\/\/blogs.elcomercio.es\/reflexiones-de-belarmino\/wp-json\/wp\/v2\/posts\/34349\/revisions\/34350"}],"wp:attachment":[{"href":"https:\/\/blogs.elcomercio.es\/reflexiones-de-belarmino\/wp-json\/wp\/v2\/media?parent=34349"}],"wp:term":[{"taxonomy":"category","embeddable":true,"href":"https:\/\/blogs.elcomercio.es\/reflexiones-de-belarmino\/wp-json\/wp\/v2\/categories?post=34349"},{"taxonomy":"post_tag","embeddable":true,"href":"https:\/\/blogs.elcomercio.es\/reflexiones-de-belarmino\/wp-json\/wp\/v2\/tags?post=34349"}],"curies":[{"name":"wp","href":"https:\/\/api.w.org\/{rel}","templated":true}]}}