{"id":34351,"date":"2024-02-01T18:50:08","date_gmt":"2024-02-01T17:50:08","guid":{"rendered":"https:\/\/blogs.elcomercio.es\/reflexiones-de-belarmino\/?p=34351"},"modified":"2024-02-01T18:50:08","modified_gmt":"2024-02-01T17:50:08","slug":"paris-rodeado-y-paralizado-en-20-autovias-en-espera-de-tomar-el-gran-mercado-se-extiende-la-protesta-por-toda-europa","status":"publish","type":"post","link":"https:\/\/blogs.elcomercio.es\/reflexiones-de-belarmino\/2024\/02\/01\/paris-rodeado-y-paralizado-en-20-autovias-en-espera-de-tomar-el-gran-mercado-se-extiende-la-protesta-por-toda-europa\/","title":{"rendered":"\u00a1\u00a1\u00a1\u00a1PARIS RODEADO Y PARALIZADO EN 20 AUTOVIAS, EN ESPERA DE TOMAR EL GRAN MERCADO. SE EXTIENDE LA PROTESTA POR TODA EUROPA !!"},"content":{"rendered":"<p><b>Y cada d\u00eda avanza en Francia y se incorporan nuevos agricultores de otros paises con sus tractores.En Par\u00eds, bloqueado sus accesos, cada d\u00eda se acercan m\u00e1s al m\u00e1s grande mercado de Europa. El gobierno a la defensiva, con un primer ministros de 34 a\u00f1os, s\u00f3lo impide la acci\u00f3n con la polic\u00eda\u00a0y el ejercito. Crece la mancha de descontentos no s\u00f3lo en Francia, ya en Espa\u00f1a y en 6 paises m\u00e1s, al grado de que hoy, un especialista dec\u00eda que para la econom\u00eda de Espa\u00f1a y la de Europa era un problema m\u00e1s grave que la crisis del mar Rojo.<\/b><\/p>\n<!-- AddThis Advanced Settings generic via filter on the_content --><!-- AddThis Share Buttons generic via filter on the_content -->","protected":false},"excerpt":{"rendered":"<p>Y cada d\u00eda avanza en Francia y se incorporan nuevos agricultores de otros paises con sus tractores.En Par\u00eds, bloqueado sus accesos, cada d\u00eda se acercan m\u00e1s al m\u00e1s grande mercado de Europa. El gobierno a la defensiva, con un primer ministros de 34 a\u00f1os, s\u00f3lo impide la acci\u00f3n con la polic\u00eda\u00a0y el ejercito. Crece la [&hellip;]<!-- AddThis Advanced Settings generic via filter on get_the_excerpt --><!-- AddThis Share Buttons generic via filter on get_the_excerpt --><\/p>\n","protected":false},"author":16,"featured_media":0,"comment_status":"open","ping_status":"closed","sticky":false,"template":"","format":"standard","meta":[],"categories":[1],"tags":[],"_links":{"self":[{"href":"https:\/\/blogs.elcomercio.es\/reflexiones-de-belarmino\/wp-json\/wp\/v2\/posts\/34351"}],"collection":[{"href":"https:\/\/blogs.elcomercio.es\/reflexiones-de-belarmino\/wp-json\/wp\/v2\/posts"}],"about":[{"href":"https:\/\/blogs.elcomercio.es\/reflexiones-de-belarmino\/wp-json\/wp\/v2\/types\/post"}],"author":[{"embeddable":true,"href":"https:\/\/blogs.elcomercio.es\/reflexiones-de-belarmino\/wp-json\/wp\/v2\/users\/16"}],"replies":[{"embeddable":true,"href":"https:\/\/blogs.elcomercio.es\/reflexiones-de-belarmino\/wp-json\/wp\/v2\/comments?post=34351"}],"version-history":[{"count":1,"href":"https:\/\/blogs.elcomercio.es\/reflexiones-de-belarmino\/wp-json\/wp\/v2\/posts\/34351\/revisions"}],"predecessor-version":[{"id":34352,"href":"https:\/\/blogs.elcomercio.es\/reflexiones-de-belarmino\/wp-json\/wp\/v2\/posts\/34351\/revisions\/34352"}],"wp:attachment":[{"href":"https:\/\/blogs.elcomercio.es\/reflexiones-de-belarmino\/wp-json\/wp\/v2\/media?parent=34351"}],"wp:term":[{"taxonomy":"category","embeddable":true,"href":"https:\/\/blogs.elcomercio.es\/reflexiones-de-belarmino\/wp-json\/wp\/v2\/categories?post=34351"},{"taxonomy":"post_tag","embeddable":true,"href":"https:\/\/blogs.elcomercio.es\/reflexiones-de-belarmino\/wp-json\/wp\/v2\/tags?post=34351"}],"curies":[{"name":"wp","href":"https:\/\/api.w.org\/{rel}","templated":true}]}}