{"id":34353,"date":"2024-02-01T19:07:44","date_gmt":"2024-02-01T18:07:44","guid":{"rendered":"https:\/\/blogs.elcomercio.es\/reflexiones-de-belarmino\/?p=34353"},"modified":"2024-02-01T19:07:44","modified_gmt":"2024-02-01T18:07:44","slug":"empieza-la-represion-se-aleja-la-dolarizacion-el-congreso-frena-el-omnibus-mientras-el-fmi-le-entrega-a-milei-43000-mdls","status":"publish","type":"post","link":"https:\/\/blogs.elcomercio.es\/reflexiones-de-belarmino\/2024\/02\/01\/empieza-la-represion-se-aleja-la-dolarizacion-el-congreso-frena-el-omnibus-mientras-el-fmi-le-entrega-a-milei-43000-mdls\/","title":{"rendered":"\u00a1\u00a1\u00a1\u00a1 EMPIEZA LA REPRESION, SE ALEJA LA DOLARIZACION, EL CONGRESO FRENA&#8221; EL \u00d3MNIBUS&#8221;, MIENTRAS EL FMI LE ENTREGA A MILEI  4,3000 MDLS !!!"},"content":{"rendered":"<p><strong>Poco a poco aparece\u00a0 la terca realidad en Argentina, y Javier Milei, con sus cuatro perros y su\u00a0<\/strong><b>m\u00e9dium su hermana, la hacedora del &#8220;lider&#8221;,. Ayer, empez\u00f3 la represi\u00f3n leve en Buenos Aires; el Congreso no est\u00e1 por la labor de la mayor parte de las reformas, su Jefe de Gabinete acusa a los los derechistas que lo apoyan que&#8221;prefiero ver que no se discutan en el Congreso las reformas, que no salgan, para que ustedes carguen ante la opini\u00f3n\u00a0p\u00fablica&#8221;.<\/b><\/p>\n<p><b>Cada d\u00eda, la dolarizaci\u00f3n se aleja a pesar de ser una medida estrella, pero va perdiendo simpat\u00eda, mientras el FMI le presta 4,300 millones de d\u00f3lares.<\/b><\/p>\n<p><strong>Y empezamos febrero del 2024.<\/strong><\/p>\n<!-- AddThis Advanced Settings generic via filter on the_content --><!-- AddThis Share Buttons generic via filter on the_content -->","protected":false},"excerpt":{"rendered":"<p>Poco a poco aparece\u00a0 la terca realidad en Argentina, y Javier Milei, con sus cuatro perros y su\u00a0m\u00e9dium su hermana, la hacedora del &#8220;lider&#8221;,. Ayer, empez\u00f3 la represi\u00f3n leve en Buenos Aires; el Congreso no est\u00e1 por la labor de la mayor parte de las reformas, su Jefe de Gabinete acusa a los los derechistas [&hellip;]<!-- AddThis Advanced Settings generic via filter on get_the_excerpt --><!-- AddThis Share Buttons generic via filter on get_the_excerpt --><\/p>\n","protected":false},"author":16,"featured_media":0,"comment_status":"open","ping_status":"closed","sticky":false,"template":"","format":"standard","meta":[],"categories":[1],"tags":[],"_links":{"self":[{"href":"https:\/\/blogs.elcomercio.es\/reflexiones-de-belarmino\/wp-json\/wp\/v2\/posts\/34353"}],"collection":[{"href":"https:\/\/blogs.elcomercio.es\/reflexiones-de-belarmino\/wp-json\/wp\/v2\/posts"}],"about":[{"href":"https:\/\/blogs.elcomercio.es\/reflexiones-de-belarmino\/wp-json\/wp\/v2\/types\/post"}],"author":[{"embeddable":true,"href":"https:\/\/blogs.elcomercio.es\/reflexiones-de-belarmino\/wp-json\/wp\/v2\/users\/16"}],"replies":[{"embeddable":true,"href":"https:\/\/blogs.elcomercio.es\/reflexiones-de-belarmino\/wp-json\/wp\/v2\/comments?post=34353"}],"version-history":[{"count":1,"href":"https:\/\/blogs.elcomercio.es\/reflexiones-de-belarmino\/wp-json\/wp\/v2\/posts\/34353\/revisions"}],"predecessor-version":[{"id":34354,"href":"https:\/\/blogs.elcomercio.es\/reflexiones-de-belarmino\/wp-json\/wp\/v2\/posts\/34353\/revisions\/34354"}],"wp:attachment":[{"href":"https:\/\/blogs.elcomercio.es\/reflexiones-de-belarmino\/wp-json\/wp\/v2\/media?parent=34353"}],"wp:term":[{"taxonomy":"category","embeddable":true,"href":"https:\/\/blogs.elcomercio.es\/reflexiones-de-belarmino\/wp-json\/wp\/v2\/categories?post=34353"},{"taxonomy":"post_tag","embeddable":true,"href":"https:\/\/blogs.elcomercio.es\/reflexiones-de-belarmino\/wp-json\/wp\/v2\/tags?post=34353"}],"curies":[{"name":"wp","href":"https:\/\/api.w.org\/{rel}","templated":true}]}}