{"id":34362,"date":"2024-02-02T10:34:38","date_gmt":"2024-02-02T09:34:38","guid":{"rendered":"https:\/\/blogs.elcomercio.es\/reflexiones-de-belarmino\/?p=34362"},"modified":"2024-02-02T10:34:38","modified_gmt":"2024-02-02T09:34:38","slug":"los-evangelistas-el-yunque-calderon-y-aznar-motores-en-favor-del-cambio-en-espana-y-la-penetracion-en-america-latina","status":"publish","type":"post","link":"https:\/\/blogs.elcomercio.es\/reflexiones-de-belarmino\/2024\/02\/02\/los-evangelistas-el-yunque-calderon-y-aznar-motores-en-favor-del-cambio-en-espana-y-la-penetracion-en-america-latina\/","title":{"rendered":"\u00a1\u00a1\u00a1LOS EVANGELISTAS, EL YUNQUE, CALDERON Y AZNAR,. MOTORES  EN FAVOR DEL CAMBIO EN ESPA\u00d1A Y LA PENETRACI\u00d3N EN AM\u00c9RICA LATINA !!!"},"content":{"rendered":"<p><b>Los que llevaron a TRump, a Bolsonaro, a Milei y que est\u00e1n detr\u00e1s The Moviment, la Internacional Anticomunists, se acomodan Espa\u00f1a. Con Aznar al frente se mueve los Evangelistas, la extrema derecha en Espa\u00f1a, los hombres del\u00a0 Yunque como Figaredo asturiano y hombre de El Yunque en VOX. Han dado acogida a los ex presidentes\u00a0neoliberales de M\u00e9xico, que llegan con los C\u00e1rteles y que est\u00e1n viniendo capitales inconformes con la IV Transformaci\u00f3n ya con 22,000 millones de d\u00f3lares y que ante la fuerza de M\u00e9xico y Brasil el frente de los nacionalismos\u00a0de Am\u00e9rica Latina.<\/b><\/p>\n<p><b>En Espa\u00f1a solo necesitan tirar al &#8221; Sanchismo&#8221; para ser la cabeza de playa de la reconquista en Am\u00e9rica Latina, pero que ante la imposibilidad, terminar\u00e1n\u00a0instal\u00e1ndose en la &#8221; Nueva Miami&#8221; que llaman a Madrid.<\/b><\/p>\n<p><strong>Ellos nos tienen ubicados, pero, tambi\u00e9n nosotros a ellos.<\/strong><\/p>\n<p><strong>Afianzado M\u00e9xico, la tarea es superar los ataques de la derecha y la extrema derecha, para pasar pagina de la transici\u00f3n Gatopardista y lograr la Nueva Espa\u00f1a.<\/strong><\/p>\n<p><b>Es una lucha, por supuesto: ideol\u00f3gica, por supuesto y tambi\u00e9n econ\u00f3mica.<\/b><\/p>\n<!-- AddThis Advanced Settings generic via filter on the_content --><!-- AddThis Share Buttons generic via filter on the_content -->","protected":false},"excerpt":{"rendered":"<p>Los que llevaron a TRump, a Bolsonaro, a Milei y que est\u00e1n detr\u00e1s The Moviment, la Internacional Anticomunists, se acomodan Espa\u00f1a. Con Aznar al frente se mueve los Evangelistas, la extrema derecha en Espa\u00f1a, los hombres del\u00a0 Yunque como Figaredo asturiano y hombre de El Yunque en VOX. Han dado acogida a los ex presidentes\u00a0neoliberales [&hellip;]<!-- AddThis Advanced Settings generic via filter on get_the_excerpt --><!-- AddThis Share Buttons generic via filter on get_the_excerpt --><\/p>\n","protected":false},"author":16,"featured_media":0,"comment_status":"open","ping_status":"closed","sticky":false,"template":"","format":"standard","meta":[],"categories":[1],"tags":[],"_links":{"self":[{"href":"https:\/\/blogs.elcomercio.es\/reflexiones-de-belarmino\/wp-json\/wp\/v2\/posts\/34362"}],"collection":[{"href":"https:\/\/blogs.elcomercio.es\/reflexiones-de-belarmino\/wp-json\/wp\/v2\/posts"}],"about":[{"href":"https:\/\/blogs.elcomercio.es\/reflexiones-de-belarmino\/wp-json\/wp\/v2\/types\/post"}],"author":[{"embeddable":true,"href":"https:\/\/blogs.elcomercio.es\/reflexiones-de-belarmino\/wp-json\/wp\/v2\/users\/16"}],"replies":[{"embeddable":true,"href":"https:\/\/blogs.elcomercio.es\/reflexiones-de-belarmino\/wp-json\/wp\/v2\/comments?post=34362"}],"version-history":[{"count":2,"href":"https:\/\/blogs.elcomercio.es\/reflexiones-de-belarmino\/wp-json\/wp\/v2\/posts\/34362\/revisions"}],"predecessor-version":[{"id":34364,"href":"https:\/\/blogs.elcomercio.es\/reflexiones-de-belarmino\/wp-json\/wp\/v2\/posts\/34362\/revisions\/34364"}],"wp:attachment":[{"href":"https:\/\/blogs.elcomercio.es\/reflexiones-de-belarmino\/wp-json\/wp\/v2\/media?parent=34362"}],"wp:term":[{"taxonomy":"category","embeddable":true,"href":"https:\/\/blogs.elcomercio.es\/reflexiones-de-belarmino\/wp-json\/wp\/v2\/categories?post=34362"},{"taxonomy":"post_tag","embeddable":true,"href":"https:\/\/blogs.elcomercio.es\/reflexiones-de-belarmino\/wp-json\/wp\/v2\/tags?post=34362"}],"curies":[{"name":"wp","href":"https:\/\/api.w.org\/{rel}","templated":true}]}}