{"id":34400,"date":"2024-02-04T09:59:04","date_gmt":"2024-02-04T08:59:04","guid":{"rendered":"https:\/\/blogs.elcomercio.es\/reflexiones-de-belarmino\/?p=34400"},"modified":"2024-02-04T09:59:04","modified_gmt":"2024-02-04T08:59:04","slug":"las-elecciones-gallegas-someten-a-feijoo-a-la-voluntad-del-23-j-y-a-sanchez-a-prueba-por-la-amnistia","status":"publish","type":"post","link":"https:\/\/blogs.elcomercio.es\/reflexiones-de-belarmino\/2024\/02\/04\/las-elecciones-gallegas-someten-a-feijoo-a-la-voluntad-del-23-j-y-a-sanchez-a-prueba-por-la-amnistia\/","title":{"rendered":"\u00a1\u00a1\u00a1\u00a1LAS ELECCIONES GALLEGAS SOMETEN A FEIJ\u00d3O A LA VOLUNTAD DEL 23 J, Y A SANCHEZ A PRUEBA POR LA AMNIST\u00cdA !!!"},"content":{"rendered":"<p><b>El 8 de febrero, el jueves pr\u00f3ximo, tanto Feij\u00f3o como Sanchez ser\u00e1n sometidos a prueba\u00a0en las elecciones gallegas.El primero ser\u00e1 sometido a su decisi\u00f3n de irse a Madrid y a Sanchez ser\u00e1 un aviso sobre la Amnist\u00eda y su percepci\u00f3n\u00a0social.<\/b><\/p>\n<p><b>&#8220;M\u00e1s Rueda y menos Sanchez&#8221; dice Feij\u00f3o, mientras la percepci\u00f3n es que si hay abundante votaci\u00f3n\u00a0el PP podr\u00eda perder\u00a0 su feudo hist\u00f3rico.<\/b><\/p>\n<p>&nbsp;<\/p>\n<!-- AddThis Advanced Settings generic via filter on the_content --><!-- AddThis Share Buttons generic via filter on the_content -->","protected":false},"excerpt":{"rendered":"<p>El 8 de febrero, el jueves pr\u00f3ximo, tanto Feij\u00f3o como Sanchez ser\u00e1n sometidos a prueba\u00a0en las elecciones gallegas.El primero ser\u00e1 sometido a su decisi\u00f3n de irse a Madrid y a Sanchez ser\u00e1 un aviso sobre la Amnist\u00eda y su percepci\u00f3n\u00a0social. &#8220;M\u00e1s Rueda y menos Sanchez&#8221; dice Feij\u00f3o, mientras la percepci\u00f3n es que si hay abundante [&hellip;]<!-- AddThis Advanced Settings generic via filter on get_the_excerpt --><!-- AddThis Share Buttons generic via filter on get_the_excerpt --><\/p>\n","protected":false},"author":16,"featured_media":0,"comment_status":"open","ping_status":"closed","sticky":false,"template":"","format":"standard","meta":[],"categories":[1],"tags":[],"_links":{"self":[{"href":"https:\/\/blogs.elcomercio.es\/reflexiones-de-belarmino\/wp-json\/wp\/v2\/posts\/34400"}],"collection":[{"href":"https:\/\/blogs.elcomercio.es\/reflexiones-de-belarmino\/wp-json\/wp\/v2\/posts"}],"about":[{"href":"https:\/\/blogs.elcomercio.es\/reflexiones-de-belarmino\/wp-json\/wp\/v2\/types\/post"}],"author":[{"embeddable":true,"href":"https:\/\/blogs.elcomercio.es\/reflexiones-de-belarmino\/wp-json\/wp\/v2\/users\/16"}],"replies":[{"embeddable":true,"href":"https:\/\/blogs.elcomercio.es\/reflexiones-de-belarmino\/wp-json\/wp\/v2\/comments?post=34400"}],"version-history":[{"count":2,"href":"https:\/\/blogs.elcomercio.es\/reflexiones-de-belarmino\/wp-json\/wp\/v2\/posts\/34400\/revisions"}],"predecessor-version":[{"id":34402,"href":"https:\/\/blogs.elcomercio.es\/reflexiones-de-belarmino\/wp-json\/wp\/v2\/posts\/34400\/revisions\/34402"}],"wp:attachment":[{"href":"https:\/\/blogs.elcomercio.es\/reflexiones-de-belarmino\/wp-json\/wp\/v2\/media?parent=34400"}],"wp:term":[{"taxonomy":"category","embeddable":true,"href":"https:\/\/blogs.elcomercio.es\/reflexiones-de-belarmino\/wp-json\/wp\/v2\/categories?post=34400"},{"taxonomy":"post_tag","embeddable":true,"href":"https:\/\/blogs.elcomercio.es\/reflexiones-de-belarmino\/wp-json\/wp\/v2\/tags?post=34400"}],"curies":[{"name":"wp","href":"https:\/\/api.w.org\/{rel}","templated":true}]}}