{"id":34433,"date":"2024-02-05T13:07:38","date_gmt":"2024-02-05T12:07:38","guid":{"rendered":"https:\/\/blogs.elcomercio.es\/reflexiones-de-belarmino\/?p=34433"},"modified":"2024-02-05T13:07:38","modified_gmt":"2024-02-05T12:07:38","slug":"bastantes-posibilidades-de-que-el-partido-popular-pierda-galicia","status":"publish","type":"post","link":"https:\/\/blogs.elcomercio.es\/reflexiones-de-belarmino\/2024\/02\/05\/bastantes-posibilidades-de-que-el-partido-popular-pierda-galicia\/","title":{"rendered":"\u00a1\u00a1\u00a1\u00a1BASTANTES POSIBILIDADES DE QUE EL PARTIDO POPULAR PIERDA GALICIA !!"},"content":{"rendered":"<p><b>Lo sabe Feij\u00f3o, lo sabe Rueda que se refugia en la televisi\u00f3n y deja las calles,lo sabe Pedro Sanchez y tambi\u00e9n Yolanda D\u00edaz, y hoy la encuesta del CIS le da a la derecha un 42 %, del PP, sin presencia\u00a0de Vox,<\/b><\/p>\n<p><b>Hoy son s\u00f3lo encuestas y apreciaciones, pero Feij\u00f3o est\u00e1 profundamente\u00a0preocupado por que una derrota en su feudo de\u00a0 siempre, ser\u00e1 un fuerte golpe, con consecuencias en el futuro. De ser as\u00ed y sacar adelante la Amnist\u00eda, la ya abierta lucha entre Juanma Moreno y la se\u00f1ora Ayuso, se destapar\u00e1 y Feij\u00f3o regresar\u00e1\u00a0arrepentidos\u00a0de su aventura a Madrid.<\/b><\/p>\n<p>&nbsp;<\/p>\n<!-- AddThis Advanced Settings generic via filter on the_content --><!-- AddThis Share Buttons generic via filter on the_content -->","protected":false},"excerpt":{"rendered":"<p>Lo sabe Feij\u00f3o, lo sabe Rueda que se refugia en la televisi\u00f3n y deja las calles,lo sabe Pedro Sanchez y tambi\u00e9n Yolanda D\u00edaz, y hoy la encuesta del CIS le da a la derecha un 42 %, del PP, sin presencia\u00a0de Vox, Hoy son s\u00f3lo encuestas y apreciaciones, pero Feij\u00f3o est\u00e1 profundamente\u00a0preocupado por que una [&hellip;]<!-- AddThis Advanced Settings generic via filter on get_the_excerpt --><!-- AddThis Share Buttons generic via filter on get_the_excerpt --><\/p>\n","protected":false},"author":16,"featured_media":0,"comment_status":"open","ping_status":"closed","sticky":false,"template":"","format":"standard","meta":[],"categories":[1],"tags":[],"_links":{"self":[{"href":"https:\/\/blogs.elcomercio.es\/reflexiones-de-belarmino\/wp-json\/wp\/v2\/posts\/34433"}],"collection":[{"href":"https:\/\/blogs.elcomercio.es\/reflexiones-de-belarmino\/wp-json\/wp\/v2\/posts"}],"about":[{"href":"https:\/\/blogs.elcomercio.es\/reflexiones-de-belarmino\/wp-json\/wp\/v2\/types\/post"}],"author":[{"embeddable":true,"href":"https:\/\/blogs.elcomercio.es\/reflexiones-de-belarmino\/wp-json\/wp\/v2\/users\/16"}],"replies":[{"embeddable":true,"href":"https:\/\/blogs.elcomercio.es\/reflexiones-de-belarmino\/wp-json\/wp\/v2\/comments?post=34433"}],"version-history":[{"count":1,"href":"https:\/\/blogs.elcomercio.es\/reflexiones-de-belarmino\/wp-json\/wp\/v2\/posts\/34433\/revisions"}],"predecessor-version":[{"id":34434,"href":"https:\/\/blogs.elcomercio.es\/reflexiones-de-belarmino\/wp-json\/wp\/v2\/posts\/34433\/revisions\/34434"}],"wp:attachment":[{"href":"https:\/\/blogs.elcomercio.es\/reflexiones-de-belarmino\/wp-json\/wp\/v2\/media?parent=34433"}],"wp:term":[{"taxonomy":"category","embeddable":true,"href":"https:\/\/blogs.elcomercio.es\/reflexiones-de-belarmino\/wp-json\/wp\/v2\/categories?post=34433"},{"taxonomy":"post_tag","embeddable":true,"href":"https:\/\/blogs.elcomercio.es\/reflexiones-de-belarmino\/wp-json\/wp\/v2\/tags?post=34433"}],"curies":[{"name":"wp","href":"https:\/\/api.w.org\/{rel}","templated":true}]}}