{"id":34490,"date":"2024-02-08T10:02:30","date_gmt":"2024-02-08T09:02:30","guid":{"rendered":"https:\/\/blogs.elcomercio.es\/reflexiones-de-belarmino\/?p=34490"},"modified":"2024-02-08T10:02:30","modified_gmt":"2024-02-08T09:02:30","slug":"la-eurocamara-pedira-a-espana-investigar-a-la-conexion-de-puigdemont-con-rusia","status":"publish","type":"post","link":"https:\/\/blogs.elcomercio.es\/reflexiones-de-belarmino\/2024\/02\/08\/la-eurocamara-pedira-a-espana-investigar-a-la-conexion-de-puigdemont-con-rusia\/","title":{"rendered":"\u00a1\u00a1\u00a1LA EUROC\u00c1MARA PEDIR\u00c1 A ESPA\u00d1A INVESTIGAR A LA CONEXI\u00d3N DE PUIGDEMONT CON RUSIA !!!"},"content":{"rendered":"<p><b>La Euro c\u00e1mara\u00a0aprobar\u00e1 hoy un texto sobre\u00a0la injerencia del Kremlin en Catalu\u00f1a, en plena tormenta\u00a0por los cauces judiciales\u00a0que pesan\u00a0contra el ex president. Este no es un problema menor. Putin en su proyecto va contra Europa, debilitarla\u00a0y dividirla. El avance de la extrema\u00a0 derecha en el continente cara a las elecciones europeas, es preocupante. El mundo, de la misma forma que necesita a China, a los BRICS y al sur global, necesita a Europa, pero con un cambio de mentalidad<\/b><\/p>\n<!-- AddThis Advanced Settings generic via filter on the_content --><!-- AddThis Share Buttons generic via filter on the_content -->","protected":false},"excerpt":{"rendered":"<p>La Euro c\u00e1mara\u00a0aprobar\u00e1 hoy un texto sobre\u00a0la injerencia del Kremlin en Catalu\u00f1a, en plena tormenta\u00a0por los cauces judiciales\u00a0que pesan\u00a0contra el ex president. Este no es un problema menor. Putin en su proyecto va contra Europa, debilitarla\u00a0y dividirla. El avance de la extrema\u00a0 derecha en el continente cara a las elecciones europeas, es preocupante. El mundo, [&hellip;]<!-- AddThis Advanced Settings generic via filter on get_the_excerpt --><!-- AddThis Share Buttons generic via filter on get_the_excerpt --><\/p>\n","protected":false},"author":16,"featured_media":0,"comment_status":"open","ping_status":"closed","sticky":false,"template":"","format":"standard","meta":[],"categories":[1],"tags":[],"_links":{"self":[{"href":"https:\/\/blogs.elcomercio.es\/reflexiones-de-belarmino\/wp-json\/wp\/v2\/posts\/34490"}],"collection":[{"href":"https:\/\/blogs.elcomercio.es\/reflexiones-de-belarmino\/wp-json\/wp\/v2\/posts"}],"about":[{"href":"https:\/\/blogs.elcomercio.es\/reflexiones-de-belarmino\/wp-json\/wp\/v2\/types\/post"}],"author":[{"embeddable":true,"href":"https:\/\/blogs.elcomercio.es\/reflexiones-de-belarmino\/wp-json\/wp\/v2\/users\/16"}],"replies":[{"embeddable":true,"href":"https:\/\/blogs.elcomercio.es\/reflexiones-de-belarmino\/wp-json\/wp\/v2\/comments?post=34490"}],"version-history":[{"count":2,"href":"https:\/\/blogs.elcomercio.es\/reflexiones-de-belarmino\/wp-json\/wp\/v2\/posts\/34490\/revisions"}],"predecessor-version":[{"id":34492,"href":"https:\/\/blogs.elcomercio.es\/reflexiones-de-belarmino\/wp-json\/wp\/v2\/posts\/34490\/revisions\/34492"}],"wp:attachment":[{"href":"https:\/\/blogs.elcomercio.es\/reflexiones-de-belarmino\/wp-json\/wp\/v2\/media?parent=34490"}],"wp:term":[{"taxonomy":"category","embeddable":true,"href":"https:\/\/blogs.elcomercio.es\/reflexiones-de-belarmino\/wp-json\/wp\/v2\/categories?post=34490"},{"taxonomy":"post_tag","embeddable":true,"href":"https:\/\/blogs.elcomercio.es\/reflexiones-de-belarmino\/wp-json\/wp\/v2\/tags?post=34490"}],"curies":[{"name":"wp","href":"https:\/\/api.w.org\/{rel}","templated":true}]}}