{"id":34625,"date":"2024-02-17T10:34:04","date_gmt":"2024-02-17T09:34:04","guid":{"rendered":"https:\/\/blogs.elcomercio.es\/reflexiones-de-belarmino\/?p=34625"},"modified":"2024-02-17T10:34:04","modified_gmt":"2024-02-17T09:34:04","slug":"ya-van-mas-ninos-asesinados-en-gaza-que-la-suma-de-conflictos-anteriores-onu","status":"publish","type":"post","link":"https:\/\/blogs.elcomercio.es\/reflexiones-de-belarmino\/2024\/02\/17\/ya-van-mas-ninos-asesinados-en-gaza-que-la-suma-de-conflictos-anteriores-onu\/","title":{"rendered":"\u00a1\u00a1\u00a1\u00a1\u00a1&#8221; YA VAN MAS  NI\u00d1OS ASESINADOS EN GAZA QUE LA SUMA DE CONFLICTOS ANTERIORES&#8221;: ONU !!!"},"content":{"rendered":"<p><strong>Raquel Mart\u00ed, directora para Espa\u00f1a de la Agencia de la ONU para Oriente Medio, declar\u00f3 ayer: &#8221; YA VAN MAS NI\u00d1OS ASESINADOS EN GAZA QUE EN LA SUMA DE TODOS OS CONFLICTOS ANTERIORES &#8220;<\/strong><b>Desde octubre\u00a0hay mas de 12,500 ni\u00f1os asesinados en la Franja.<\/b><\/p>\n<p><b>Para tener una idea, reitera, en Ucrania, en dos a\u00f1os de guerra 500 ni\u00f1os asesinados. Esta desproporci\u00f3n\u00a0no la hab\u00edamos\u00a0visto nunca, en ning\u00fan conflicto. La poblaci\u00f3n\u00a0no tiene escapatoria, en Ucrania,\u00a0 en Siria, por ejemplo, si, pero en Gaza ni siquiera\u00a0llega la ayuda\u00a0humanitaria.<\/b><\/p>\n<p><b>Un miembro del gobierno de Israel,\u00a0 el ministro de Defensa\u00a0 se refiri\u00f3\u00a0a los gazaties &#8221; como animales humanos&#8221; y la televisi\u00f3n entrevisto\u00a0a u soldado israelita que dijo que &#8220;est\u00e1n preparados para matar mujeres y ni\u00f1os&#8221;.<\/b><\/p>\n<p><b>Toda esta masacre, se est\u00e1 producci\u00f3n\u00a0en u espacio como la Isla de la Gomera, con 2 veces la poblaci\u00f3n de Asturias.<\/b><\/p>\n<!-- AddThis Advanced Settings generic via filter on the_content --><!-- AddThis Share Buttons generic via filter on the_content -->","protected":false},"excerpt":{"rendered":"<p>Raquel Mart\u00ed, directora para Espa\u00f1a de la Agencia de la ONU para Oriente Medio, declar\u00f3 ayer: &#8221; YA VAN MAS NI\u00d1OS ASESINADOS EN GAZA QUE EN LA SUMA DE TODOS OS CONFLICTOS ANTERIORES &#8220;Desde octubre\u00a0hay mas de 12,500 ni\u00f1os asesinados en la Franja. Para tener una idea, reitera, en Ucrania, en dos a\u00f1os de guerra [&hellip;]<!-- AddThis Advanced Settings generic via filter on get_the_excerpt --><!-- AddThis Share Buttons generic via filter on get_the_excerpt --><\/p>\n","protected":false},"author":16,"featured_media":0,"comment_status":"open","ping_status":"closed","sticky":false,"template":"","format":"standard","meta":[],"categories":[1],"tags":[],"_links":{"self":[{"href":"https:\/\/blogs.elcomercio.es\/reflexiones-de-belarmino\/wp-json\/wp\/v2\/posts\/34625"}],"collection":[{"href":"https:\/\/blogs.elcomercio.es\/reflexiones-de-belarmino\/wp-json\/wp\/v2\/posts"}],"about":[{"href":"https:\/\/blogs.elcomercio.es\/reflexiones-de-belarmino\/wp-json\/wp\/v2\/types\/post"}],"author":[{"embeddable":true,"href":"https:\/\/blogs.elcomercio.es\/reflexiones-de-belarmino\/wp-json\/wp\/v2\/users\/16"}],"replies":[{"embeddable":true,"href":"https:\/\/blogs.elcomercio.es\/reflexiones-de-belarmino\/wp-json\/wp\/v2\/comments?post=34625"}],"version-history":[{"count":1,"href":"https:\/\/blogs.elcomercio.es\/reflexiones-de-belarmino\/wp-json\/wp\/v2\/posts\/34625\/revisions"}],"predecessor-version":[{"id":34626,"href":"https:\/\/blogs.elcomercio.es\/reflexiones-de-belarmino\/wp-json\/wp\/v2\/posts\/34625\/revisions\/34626"}],"wp:attachment":[{"href":"https:\/\/blogs.elcomercio.es\/reflexiones-de-belarmino\/wp-json\/wp\/v2\/media?parent=34625"}],"wp:term":[{"taxonomy":"category","embeddable":true,"href":"https:\/\/blogs.elcomercio.es\/reflexiones-de-belarmino\/wp-json\/wp\/v2\/categories?post=34625"},{"taxonomy":"post_tag","embeddable":true,"href":"https:\/\/blogs.elcomercio.es\/reflexiones-de-belarmino\/wp-json\/wp\/v2\/tags?post=34625"}],"curies":[{"name":"wp","href":"https:\/\/api.w.org\/{rel}","templated":true}]}}