{"id":34650,"date":"2024-02-18T20:27:30","date_gmt":"2024-02-18T19:27:30","guid":{"rendered":"https:\/\/blogs.elcomercio.es\/reflexiones-de-belarmino\/?p=34650"},"modified":"2024-02-18T20:27:30","modified_gmt":"2024-02-18T19:27:30","slug":"galicia-pp-mantiene-mayoria-absoluta39-bng-sube-a-26-fracaso-del-psoe11-sumar-podemos-y-vox-fuera","status":"publish","type":"post","link":"https:\/\/blogs.elcomercio.es\/reflexiones-de-belarmino\/2024\/02\/18\/galicia-pp-mantiene-mayoria-absoluta39-bng-sube-a-26-fracaso-del-psoe11-sumar-podemos-y-vox-fuera\/","title":{"rendered":"\u00a1\u00a1\u00a1\u00a1GALICIA: PP MANTIENE MAYOR\u00cdA ABSOLUTA(39).- BNG SUBE A (26),. FRACASO DEL PSOE(11).- SUMAR, PODEMOS Y VOX FUERA !!!"},"content":{"rendered":"<p><strong>De confirmarse las diversas encuestas que, en general son similares EL PARTIDO POPULAR RETIENE\u00a0 GALICIA.; el PSG sube pero no lo necesario; golpe al PSOE; Sumar, Podemos y Vox no entran.<\/strong><\/p>\n<p><strong>PARTIDO POPULAR&#8230;&#8230;&#8230;39<\/strong><\/p>\n<p><strong>BNG&#8230;&#8230;&#8230;&#8230;&#8230;&#8230;&#8230;&#8230;&#8230;&#8230;&#8230;.26<\/strong><\/p>\n<p><strong>PSOE&#8230;&#8230;&#8230;&#8230;&#8230;&#8230;&#8230;&#8230;&#8230;&#8230;\u00a0 \u00a0 11<\/strong><\/p>\n<p><strong>D, OURENSE,&#8230;&#8230;&#8230;&#8230;&#8230;&#8230;.\u00a0 0-1<\/strong><\/p>\n<p><strong>No entrar\u00edan ni Sumar, ni Podemos, ni Vox.<\/strong><\/p>\n<p><strong>Empezar\u00e1 el conteo real.<\/strong><\/p>\n<p><strong>De confirmarse las encuestas Feij\u00f3o, se afianza, el Gobierno de Coalici\u00f3n es humillado, y lo que avanz\u00f3 fueron los independentistas<\/strong><\/p>\n<!-- AddThis Advanced Settings generic via filter on the_content --><!-- AddThis Share Buttons generic via filter on the_content -->","protected":false},"excerpt":{"rendered":"<p>De confirmarse las diversas encuestas que, en general son similares EL PARTIDO POPULAR RETIENE\u00a0 GALICIA.; el PSG sube pero no lo necesario; golpe al PSOE; Sumar, Podemos y Vox no entran. PARTIDO POPULAR&#8230;&#8230;&#8230;39 BNG&#8230;&#8230;&#8230;&#8230;&#8230;&#8230;&#8230;&#8230;&#8230;&#8230;&#8230;.26 PSOE&#8230;&#8230;&#8230;&#8230;&#8230;&#8230;&#8230;&#8230;&#8230;&#8230;\u00a0 \u00a0 11 D, OURENSE,&#8230;&#8230;&#8230;&#8230;&#8230;&#8230;.\u00a0 0-1 No entrar\u00edan ni Sumar, ni Podemos, ni Vox. Empezar\u00e1 el conteo real. De confirmarse las [&hellip;]<!-- AddThis Advanced Settings generic via filter on get_the_excerpt --><!-- AddThis Share Buttons generic via filter on get_the_excerpt --><\/p>\n","protected":false},"author":16,"featured_media":0,"comment_status":"open","ping_status":"closed","sticky":false,"template":"","format":"standard","meta":[],"categories":[1],"tags":[],"_links":{"self":[{"href":"https:\/\/blogs.elcomercio.es\/reflexiones-de-belarmino\/wp-json\/wp\/v2\/posts\/34650"}],"collection":[{"href":"https:\/\/blogs.elcomercio.es\/reflexiones-de-belarmino\/wp-json\/wp\/v2\/posts"}],"about":[{"href":"https:\/\/blogs.elcomercio.es\/reflexiones-de-belarmino\/wp-json\/wp\/v2\/types\/post"}],"author":[{"embeddable":true,"href":"https:\/\/blogs.elcomercio.es\/reflexiones-de-belarmino\/wp-json\/wp\/v2\/users\/16"}],"replies":[{"embeddable":true,"href":"https:\/\/blogs.elcomercio.es\/reflexiones-de-belarmino\/wp-json\/wp\/v2\/comments?post=34650"}],"version-history":[{"count":1,"href":"https:\/\/blogs.elcomercio.es\/reflexiones-de-belarmino\/wp-json\/wp\/v2\/posts\/34650\/revisions"}],"predecessor-version":[{"id":34651,"href":"https:\/\/blogs.elcomercio.es\/reflexiones-de-belarmino\/wp-json\/wp\/v2\/posts\/34650\/revisions\/34651"}],"wp:attachment":[{"href":"https:\/\/blogs.elcomercio.es\/reflexiones-de-belarmino\/wp-json\/wp\/v2\/media?parent=34650"}],"wp:term":[{"taxonomy":"category","embeddable":true,"href":"https:\/\/blogs.elcomercio.es\/reflexiones-de-belarmino\/wp-json\/wp\/v2\/categories?post=34650"},{"taxonomy":"post_tag","embeddable":true,"href":"https:\/\/blogs.elcomercio.es\/reflexiones-de-belarmino\/wp-json\/wp\/v2\/tags?post=34650"}],"curies":[{"name":"wp","href":"https:\/\/api.w.org\/{rel}","templated":true}]}}