{"id":34654,"date":"2024-02-19T10:03:01","date_gmt":"2024-02-19T09:03:01","guid":{"rendered":"https:\/\/blogs.elcomercio.es\/reflexiones-de-belarmino\/?p=34654"},"modified":"2024-02-19T10:03:01","modified_gmt":"2024-02-19T09:03:01","slug":"vendran-elecciones-anticipadas-el-pueblo-espanol-comodo-no-quiere-conflictos-e-impide-su-avance","status":"publish","type":"post","link":"https:\/\/blogs.elcomercio.es\/reflexiones-de-belarmino\/2024\/02\/19\/vendran-elecciones-anticipadas-el-pueblo-espanol-comodo-no-quiere-conflictos-e-impide-su-avance\/","title":{"rendered":"\u00a1\u00a1\u00a1VENDR\u00c1N ELECCIONES ANTICIPADAS.EL PUEBLO ESPA\u00d1OL, C\u00d3MODO, NO QUIERE CONFLICTOS E IMPIDE SU AVANCE !!!!"},"content":{"rendered":"<p><strong>Creemos que el panorama se aclar\u00f3 ayer. A diferencia de muchos paises, Espa\u00f1a no ha logrado su integraci\u00f3n territorial. Cansados de nacionalismos, van a cerrar filas alrededor del nacionalismo espa\u00f1ol de siempre. C\u00f3modos con sus 2,000 euros al mes,sus vacaciones, sus puentes civiles y religiosos, se irrita cuando se trata de resolver problemas de hace 3 siglos. Por ello, las encuestas dan todas al Partido Popular como favorito para una generales. Lo de ayer lo confirm\u00f3.<\/strong><\/p>\n<p><strong>La salida va a ser un adelanto electoral, tras el golpe del PSOE y SUMAR ayer en Galicia, la tierra de Yolanda D\u00edaz, pero tambi\u00e9n la de Franco.<\/strong><\/p>\n<p><b>Creemos que este gobierno no se sostendr\u00e1\u00a0mucho tiempo, y, entonces, empezar\u00e1n\u00a0los problemas en Espa\u00f1a.<\/b><\/p>\n<p><b> Un gobierno de la derecha, no sabr\u00e1 como resolver los graves problemas econ\u00f3micos\u00a0y sociales que se prender\u00e1n. El pueblo se ir\u00e1 a las calles, en el a\u00f1o en que se teme una recesi\u00f3n en Europa en el proceso multipolar, donde los que para 2024 avanzar\u00e1n, ser\u00e1n China, India, Rusia, M\u00e9xico y Brasil y ser\u00e1 un retroceso para Occidente, en el marco de una preocupaci\u00f3n expresada ayer por Antonio Gutierres, secretario General de Naciones Unidas. &#8221; Nunca en 75 a\u00f1os el mundo estuvo tan expuesto como hay. Conflictos multipolares, ning\u00fan organismo capaz de poner orden, el cambio clim\u00e1tico, la inteligencia artificial&#8221;<\/b><\/p>\n<!-- AddThis Advanced Settings generic via filter on the_content --><!-- AddThis Share Buttons generic via filter on the_content -->","protected":false},"excerpt":{"rendered":"<p>Creemos que el panorama se aclar\u00f3 ayer. A diferencia de muchos paises, Espa\u00f1a no ha logrado su integraci\u00f3n territorial. Cansados de nacionalismos, van a cerrar filas alrededor del nacionalismo espa\u00f1ol de siempre. C\u00f3modos con sus 2,000 euros al mes,sus vacaciones, sus puentes civiles y religiosos, se irrita cuando se trata de resolver problemas de hace [&hellip;]<!-- AddThis Advanced Settings generic via filter on get_the_excerpt --><!-- AddThis Share Buttons generic via filter on get_the_excerpt --><\/p>\n","protected":false},"author":16,"featured_media":0,"comment_status":"open","ping_status":"closed","sticky":false,"template":"","format":"standard","meta":[],"categories":[1],"tags":[],"_links":{"self":[{"href":"https:\/\/blogs.elcomercio.es\/reflexiones-de-belarmino\/wp-json\/wp\/v2\/posts\/34654"}],"collection":[{"href":"https:\/\/blogs.elcomercio.es\/reflexiones-de-belarmino\/wp-json\/wp\/v2\/posts"}],"about":[{"href":"https:\/\/blogs.elcomercio.es\/reflexiones-de-belarmino\/wp-json\/wp\/v2\/types\/post"}],"author":[{"embeddable":true,"href":"https:\/\/blogs.elcomercio.es\/reflexiones-de-belarmino\/wp-json\/wp\/v2\/users\/16"}],"replies":[{"embeddable":true,"href":"https:\/\/blogs.elcomercio.es\/reflexiones-de-belarmino\/wp-json\/wp\/v2\/comments?post=34654"}],"version-history":[{"count":3,"href":"https:\/\/blogs.elcomercio.es\/reflexiones-de-belarmino\/wp-json\/wp\/v2\/posts\/34654\/revisions"}],"predecessor-version":[{"id":34657,"href":"https:\/\/blogs.elcomercio.es\/reflexiones-de-belarmino\/wp-json\/wp\/v2\/posts\/34654\/revisions\/34657"}],"wp:attachment":[{"href":"https:\/\/blogs.elcomercio.es\/reflexiones-de-belarmino\/wp-json\/wp\/v2\/media?parent=34654"}],"wp:term":[{"taxonomy":"category","embeddable":true,"href":"https:\/\/blogs.elcomercio.es\/reflexiones-de-belarmino\/wp-json\/wp\/v2\/categories?post=34654"},{"taxonomy":"post_tag","embeddable":true,"href":"https:\/\/blogs.elcomercio.es\/reflexiones-de-belarmino\/wp-json\/wp\/v2\/tags?post=34654"}],"curies":[{"name":"wp","href":"https:\/\/api.w.org\/{rel}","templated":true}]}}