{"id":34668,"date":"2024-02-19T19:35:57","date_gmt":"2024-02-19T18:35:57","guid":{"rendered":"https:\/\/blogs.elcomercio.es\/reflexiones-de-belarmino\/?p=34668"},"modified":"2024-02-19T19:35:57","modified_gmt":"2024-02-19T18:35:57","slug":"hoy-111-aniversario-de-la-creacion-del-ejercito-mexicano-por-que-lloro-el-general-garcia-barragan-ante-lazaro-cardenas-en-1968","status":"publish","type":"post","link":"https:\/\/blogs.elcomercio.es\/reflexiones-de-belarmino\/2024\/02\/19\/hoy-111-aniversario-de-la-creacion-del-ejercito-mexicano-por-que-lloro-el-general-garcia-barragan-ante-lazaro-cardenas-en-1968\/","title":{"rendered":"\u00a1\u00a1\u00a1\u00a1HOY 111 ANIVERSARIO DE LA CREACI\u00d3N DEL EJERCITO MEXICANO. \u00bfPOR QUE LLOR\u00d3 EL GENERAL GARC\u00cdA BARRAG\u00c1N ANTE L\u00c1ZARO C\u00c1RDENAS, EN 1968 !! ?!!!"},"content":{"rendered":"<p><b>En Oriental, Puebla se celebra el aniversario 111 de la creaci\u00f3n del Ejercito Mexicano, surgido\u00a0de la Revoluci\u00f3n Mexicana, ejercito del pueblo de sus ra\u00edces\u00a0mayoritarias y morenas, siempre leal a la Constituci\u00f3n\u00a0de 1917.Al mismo tiempo se inauguran las nuevas instalaciones de la Industria Militar.<\/b><\/p>\n<p><strong>Trasmitimos un hecho dado a conocer hace meses por el presidente L\u00f3pez Obrador en La Ma\u00f1anera, a quien se la trasmiti\u00f3 Cuauhtemoc C\u00e1rdenas el \u00fanico hijo del General michoacano, quien en 1988 hab\u00eda ganado las elecciones, cuando el PRI, hizo que se&#8221; cayera el sistema&#8221; y entrara Carlos Salinas de Gortari,y evito una guerra civil en el pa\u00eds.<\/strong><\/p>\n<p><b>En 1968, el 2 de octubre, en el Movimiento Estudiantil Popular, en la Plaza de las Tres Culturas se celebraba lo que ser\u00eda el \u00faltimo mitin, con 5,000 personas de aquel hist\u00f3rico\u00a0movimiento que propicio el cambio que cuaj\u00f3 con la IV Transformaci\u00f3n.En el edificio Chihuahua en el tercer piso los oradores del movimiento. En el 10 piso\u00a0 varios individuos, desconocidos, estaban atentos. Abajo se\u00a0hab\u00eda pedido al ejercito que asistiera al acto,como en otros. A las 8 de la noche, un helic\u00f3ptero\u00a0sobrevol\u00f3 la plaza y lanzo la bengala, que indicaba el momento. Del edificio Chihuahua, del piso 10, donde se encontraba el Estado Mayor presidencial, Diaz Ordaz y Echeverria, hab\u00edan dise\u00f1ado la estrategia. Desde ese grupo de \u00e9lite(ya desaparecidos sus 10,000 hombres por L\u00f3pez Obrador), se disparo\u00a0contra el general Hern\u00e1ndez Toledo. El ejercito, al observar a su genera herido,\u00a0 descargaron toda su furia, por eso la matanza, segun Oriana Fallaci, estuvo cerca de los 500 muertos.<\/b><\/p>\n<p><b>De inmediato se responsabiliz\u00f3 al ejercito, lo que hizo\u00a0 que el Secretario de la Defensa Marcelino Garc\u00eda Barrag\u00e1n, fuera a ver al ex presidente L\u00e1zaro Cardenas a su casa, y contaba Cuauhtemoc, llor\u00f3 ante el ex presidente y lider moral, asegur\u00e1ndole\u00a0que el ejercito no\u00a0habia sido, que hab\u00eda habido una provocaci\u00f3n. Que el ejercito\u00a0nunca actuar\u00eda contra su propio pueblo, del cual era parte.<\/b><\/p>\n<p><b>De ese tama\u00f1o es el Ejercito Mexicano que se ha ganado como la Secretaria de Marina, el ser copart\u00edcipes\u00a0con toda la sociedad de la Cuarta Transformaci\u00f3n.<\/b><\/p>\n<p><b>Hoy para los mexicanos es un orgullo(90 % aceptaci\u00f3n igual que la Marina y la reci\u00e9n\u00a0creada Guardia Nacional de 130,000 jovenes)<\/b><\/p>\n<p>&nbsp;<\/p>\n<!-- AddThis Advanced Settings generic via filter on the_content --><!-- AddThis Share Buttons generic via filter on the_content -->","protected":false},"excerpt":{"rendered":"<p>En Oriental, Puebla se celebra el aniversario 111 de la creaci\u00f3n del Ejercito Mexicano, surgido\u00a0de la Revoluci\u00f3n Mexicana, ejercito del pueblo de sus ra\u00edces\u00a0mayoritarias y morenas, siempre leal a la Constituci\u00f3n\u00a0de 1917.Al mismo tiempo se inauguran las nuevas instalaciones de la Industria Militar. Trasmitimos un hecho dado a conocer hace meses por el presidente L\u00f3pez [&hellip;]<!-- AddThis Advanced Settings generic via filter on get_the_excerpt --><!-- AddThis Share Buttons generic via filter on get_the_excerpt --><\/p>\n","protected":false},"author":16,"featured_media":0,"comment_status":"open","ping_status":"closed","sticky":false,"template":"","format":"standard","meta":[],"categories":[1],"tags":[],"_links":{"self":[{"href":"https:\/\/blogs.elcomercio.es\/reflexiones-de-belarmino\/wp-json\/wp\/v2\/posts\/34668"}],"collection":[{"href":"https:\/\/blogs.elcomercio.es\/reflexiones-de-belarmino\/wp-json\/wp\/v2\/posts"}],"about":[{"href":"https:\/\/blogs.elcomercio.es\/reflexiones-de-belarmino\/wp-json\/wp\/v2\/types\/post"}],"author":[{"embeddable":true,"href":"https:\/\/blogs.elcomercio.es\/reflexiones-de-belarmino\/wp-json\/wp\/v2\/users\/16"}],"replies":[{"embeddable":true,"href":"https:\/\/blogs.elcomercio.es\/reflexiones-de-belarmino\/wp-json\/wp\/v2\/comments?post=34668"}],"version-history":[{"count":1,"href":"https:\/\/blogs.elcomercio.es\/reflexiones-de-belarmino\/wp-json\/wp\/v2\/posts\/34668\/revisions"}],"predecessor-version":[{"id":34669,"href":"https:\/\/blogs.elcomercio.es\/reflexiones-de-belarmino\/wp-json\/wp\/v2\/posts\/34668\/revisions\/34669"}],"wp:attachment":[{"href":"https:\/\/blogs.elcomercio.es\/reflexiones-de-belarmino\/wp-json\/wp\/v2\/media?parent=34668"}],"wp:term":[{"taxonomy":"category","embeddable":true,"href":"https:\/\/blogs.elcomercio.es\/reflexiones-de-belarmino\/wp-json\/wp\/v2\/categories?post=34668"},{"taxonomy":"post_tag","embeddable":true,"href":"https:\/\/blogs.elcomercio.es\/reflexiones-de-belarmino\/wp-json\/wp\/v2\/tags?post=34668"}],"curies":[{"name":"wp","href":"https:\/\/api.w.org\/{rel}","templated":true}]}}