{"id":34671,"date":"2024-02-20T11:36:10","date_gmt":"2024-02-20T10:36:10","guid":{"rendered":"https:\/\/blogs.elcomercio.es\/reflexiones-de-belarmino\/?p=34671"},"modified":"2024-02-20T11:36:10","modified_gmt":"2024-02-20T10:36:10","slug":"suiza-duda-de-la-investigacion-de-garcia-castellon-y-se-niega-a-localizar-a-marta-rovira-por-el-caso-tsunamic","status":"publish","type":"post","link":"https:\/\/blogs.elcomercio.es\/reflexiones-de-belarmino\/2024\/02\/20\/suiza-duda-de-la-investigacion-de-garcia-castellon-y-se-niega-a-localizar-a-marta-rovira-por-el-caso-tsunamic\/","title":{"rendered":"\u00a1\u00a1\u00a1\u00a1SUIZA DUDA DE LA INVESTIGACI\u00d3N DE GARC\u00cdA CASTELL\u00d3N Y SE NIEGA A LOCALIZAR A MARTA ROVIRA , POR EL CASO TSUNAMIC !!!!!!"},"content":{"rendered":"<p><b>Golpe al juez Garc\u00eda Castell\u00f3n, una de las armas para impedir la vuelta a la normalidad\u00a0en Catalu\u00f1a, primer\u00a0paso hacia la tranquilidad interna y la b\u00fasqueda\u00a0de su futuro como naci\u00f3n. Suiza acaba de dudar de la investigaci\u00f3n de dicho juez y ha manifestado que no dar\u00e1 ninguna orden para detener a Marta Rovira por el caso Tsunami Democratic.<\/b><\/p>\n<!-- AddThis Advanced Settings generic via filter on the_content --><!-- AddThis Share Buttons generic via filter on the_content -->","protected":false},"excerpt":{"rendered":"<p>Golpe al juez Garc\u00eda Castell\u00f3n, una de las armas para impedir la vuelta a la normalidad\u00a0en Catalu\u00f1a, primer\u00a0paso hacia la tranquilidad interna y la b\u00fasqueda\u00a0de su futuro como naci\u00f3n. Suiza acaba de dudar de la investigaci\u00f3n de dicho juez y ha manifestado que no dar\u00e1 ninguna orden para detener a Marta Rovira por el caso [&hellip;]<!-- AddThis Advanced Settings generic via filter on get_the_excerpt --><!-- AddThis Share Buttons generic via filter on get_the_excerpt --><\/p>\n","protected":false},"author":16,"featured_media":0,"comment_status":"open","ping_status":"closed","sticky":false,"template":"","format":"standard","meta":[],"categories":[1],"tags":[],"_links":{"self":[{"href":"https:\/\/blogs.elcomercio.es\/reflexiones-de-belarmino\/wp-json\/wp\/v2\/posts\/34671"}],"collection":[{"href":"https:\/\/blogs.elcomercio.es\/reflexiones-de-belarmino\/wp-json\/wp\/v2\/posts"}],"about":[{"href":"https:\/\/blogs.elcomercio.es\/reflexiones-de-belarmino\/wp-json\/wp\/v2\/types\/post"}],"author":[{"embeddable":true,"href":"https:\/\/blogs.elcomercio.es\/reflexiones-de-belarmino\/wp-json\/wp\/v2\/users\/16"}],"replies":[{"embeddable":true,"href":"https:\/\/blogs.elcomercio.es\/reflexiones-de-belarmino\/wp-json\/wp\/v2\/comments?post=34671"}],"version-history":[{"count":1,"href":"https:\/\/blogs.elcomercio.es\/reflexiones-de-belarmino\/wp-json\/wp\/v2\/posts\/34671\/revisions"}],"predecessor-version":[{"id":34672,"href":"https:\/\/blogs.elcomercio.es\/reflexiones-de-belarmino\/wp-json\/wp\/v2\/posts\/34671\/revisions\/34672"}],"wp:attachment":[{"href":"https:\/\/blogs.elcomercio.es\/reflexiones-de-belarmino\/wp-json\/wp\/v2\/media?parent=34671"}],"wp:term":[{"taxonomy":"category","embeddable":true,"href":"https:\/\/blogs.elcomercio.es\/reflexiones-de-belarmino\/wp-json\/wp\/v2\/categories?post=34671"},{"taxonomy":"post_tag","embeddable":true,"href":"https:\/\/blogs.elcomercio.es\/reflexiones-de-belarmino\/wp-json\/wp\/v2\/tags?post=34671"}],"curies":[{"name":"wp","href":"https:\/\/api.w.org\/{rel}","templated":true}]}}