{"id":34701,"date":"2024-02-21T17:46:42","date_gmt":"2024-02-21T16:46:42","guid":{"rendered":"https:\/\/blogs.elcomercio.es\/reflexiones-de-belarmino\/?p=34701"},"modified":"2024-02-21T17:46:42","modified_gmt":"2024-02-21T16:46:42","slug":"detiene-la-guardia-civil-a-la-mano-derecha-de-abalos-en-fomento-por-fraude-en-la-compra-de-mascarillas","status":"publish","type":"post","link":"https:\/\/blogs.elcomercio.es\/reflexiones-de-belarmino\/2024\/02\/21\/detiene-la-guardia-civil-a-la-mano-derecha-de-abalos-en-fomento-por-fraude-en-la-compra-de-mascarillas\/","title":{"rendered":"\u00a1\u00a1\u00a1\u00a1DETIENE LA GUARDIA CIVIL A LA MANO DERECHA DE ABALOS EN FOMENTO POR FRAUDE EN LA COMPRA DE MASCARILLAS !!!"},"content":{"rendered":"<p><strong>Koldo Garcia era la mano derecha de\u00a0 Jos\u00e9 Luis Abalos cuando este era ministro de Fomento. Hoy fue detenido por la Guardia Civil acusado de fraude en la compra de mascarillas en la crisis del Covid. El fraude por 53 millones de euros hab\u00eda sido provocado al usar recursos de Fomento, para traer de China mascarillas a Baleares y Canarias y el cobro de comisiones.<\/strong><\/p>\n<p><strong>Jos\u00e9 Luis \u00c1balos, abandon\u00f3 el gobierno siendo una figura fuerte, al remodelarlo Pedro Sanchez, cosa que extra\u00f1\u00f3. Se convirti\u00f3 en Mediaset en contertulio.<\/strong><\/p>\n<p><strong>Un caso m\u00e1s de corrupci\u00f3n en la politica espa\u00f1ola, similar este caso\u00a0 al del hermano de Isabel D\u00edaz Ayuso, tambi\u00e9n por la compra de mascarillas..<\/strong><\/p>\n<!-- AddThis Advanced Settings generic via filter on the_content --><!-- AddThis Share Buttons generic via filter on the_content -->","protected":false},"excerpt":{"rendered":"<p>Koldo Garcia era la mano derecha de\u00a0 Jos\u00e9 Luis Abalos cuando este era ministro de Fomento. Hoy fue detenido por la Guardia Civil acusado de fraude en la compra de mascarillas en la crisis del Covid. El fraude por 53 millones de euros hab\u00eda sido provocado al usar recursos de Fomento, para traer de China [&hellip;]<!-- AddThis Advanced Settings generic via filter on get_the_excerpt --><!-- AddThis Share Buttons generic via filter on get_the_excerpt --><\/p>\n","protected":false},"author":16,"featured_media":0,"comment_status":"open","ping_status":"closed","sticky":false,"template":"","format":"standard","meta":[],"categories":[1],"tags":[],"_links":{"self":[{"href":"https:\/\/blogs.elcomercio.es\/reflexiones-de-belarmino\/wp-json\/wp\/v2\/posts\/34701"}],"collection":[{"href":"https:\/\/blogs.elcomercio.es\/reflexiones-de-belarmino\/wp-json\/wp\/v2\/posts"}],"about":[{"href":"https:\/\/blogs.elcomercio.es\/reflexiones-de-belarmino\/wp-json\/wp\/v2\/types\/post"}],"author":[{"embeddable":true,"href":"https:\/\/blogs.elcomercio.es\/reflexiones-de-belarmino\/wp-json\/wp\/v2\/users\/16"}],"replies":[{"embeddable":true,"href":"https:\/\/blogs.elcomercio.es\/reflexiones-de-belarmino\/wp-json\/wp\/v2\/comments?post=34701"}],"version-history":[{"count":2,"href":"https:\/\/blogs.elcomercio.es\/reflexiones-de-belarmino\/wp-json\/wp\/v2\/posts\/34701\/revisions"}],"predecessor-version":[{"id":34703,"href":"https:\/\/blogs.elcomercio.es\/reflexiones-de-belarmino\/wp-json\/wp\/v2\/posts\/34701\/revisions\/34703"}],"wp:attachment":[{"href":"https:\/\/blogs.elcomercio.es\/reflexiones-de-belarmino\/wp-json\/wp\/v2\/media?parent=34701"}],"wp:term":[{"taxonomy":"category","embeddable":true,"href":"https:\/\/blogs.elcomercio.es\/reflexiones-de-belarmino\/wp-json\/wp\/v2\/categories?post=34701"},{"taxonomy":"post_tag","embeddable":true,"href":"https:\/\/blogs.elcomercio.es\/reflexiones-de-belarmino\/wp-json\/wp\/v2\/tags?post=34701"}],"curies":[{"name":"wp","href":"https:\/\/api.w.org\/{rel}","templated":true}]}}