{"id":34763,"date":"2024-02-24T11:34:57","date_gmt":"2024-02-24T10:34:57","guid":{"rendered":"https:\/\/blogs.elcomercio.es\/reflexiones-de-belarmino\/?p=34763"},"modified":"2024-02-24T11:34:57","modified_gmt":"2024-02-24T10:34:57","slug":"la-verdad-de-la-monarquia-los-militares-los-grandes-capitales-y-politicos-solo-se-sabran-cuando-haya-fallecido-juan-carlos-i","status":"publish","type":"post","link":"https:\/\/blogs.elcomercio.es\/reflexiones-de-belarmino\/2024\/02\/24\/la-verdad-de-la-monarquia-los-militares-los-grandes-capitales-y-politicos-solo-se-sabran-cuando-haya-fallecido-juan-carlos-i\/","title":{"rendered":"\u00a1\u00a1\u00a1\u00a1LA VERDAD DE LA MONARQUIA, LOS MILITARES, LOS GRANDES CAPITALES  Y POL\u00cdTICOS S\u00d3LO SE SABR\u00c1N CUANDO HAYA FALLECIDO JUAN CARLOS I !!!"},"content":{"rendered":"<p><b>Ocho horas de tel\u00e9fonos\u00a0intervenidos en Madrid, ocultados desde hace 43 a\u00f1os, han impedido a todos los estudiosos saber la verdad de lo que pas\u00f3 el 23 F. Intervinieron\u00a0el Rey, por supuesto, Armada, Milans, Tejero, la trama civil y los pol\u00edticos de primer nivel de aquel momento, pero los acontecimientos se movieron desde Zarzuela,a seg\u00fan los acontecimientos se daban.<\/b><\/p>\n<p><b>D\u00e9bil\u00a0Juan Carlos I, tras del viaje de Sof\u00eda y sus hijos a la India en 1979 la figura del rey se hab\u00eda desgastado, y ante el riesgo de una irrupci\u00f3n de militares que frenar\u00eda\u00a0el proceso, hab\u00eda que hacer algo que\u00a0 fortaleciera\u00a0 al Jefe del Estado y a todo el sistema.Y entonces, salvador surge un\u00a0 23 F.<\/b><\/p>\n<p><strong>Aquella frase de Sof\u00eda a Armada: &#8221; Alfonso s\u00f3lo tu puedes salvarnos&#8221; y la de Sabino a Armada:&#8221; Si vas al Congreso es a titulo personal, nunca uses la figura del Rey.&#8221;<\/strong><\/p>\n<p><strong>Pero, las bases para entenderlo est\u00e1n en las 8 horas de grabaciones intervenidas en todos los estamentos.Entendemos que, por lo menos hasta el fallecimiento de Juan Carlos I, no saldr\u00e1n a la luz, y eso si no pone en riesgo al sistema.<\/strong><\/p>\n<p><b>Para entender el 23 F, no basta con entender lo que pasaba\u00a0con Su\u00e1rez, con ETA, los militares, y por supuesto lo que ordenaron los EE:UU y Alemania, para que no descarrilase la Transici\u00f3n<\/b><\/p>\n<p>&nbsp;<\/p>\n<!-- AddThis Advanced Settings generic via filter on the_content --><!-- AddThis Share Buttons generic via filter on the_content -->","protected":false},"excerpt":{"rendered":"<p>Ocho horas de tel\u00e9fonos\u00a0intervenidos en Madrid, ocultados desde hace 43 a\u00f1os, han impedido a todos los estudiosos saber la verdad de lo que pas\u00f3 el 23 F. Intervinieron\u00a0el Rey, por supuesto, Armada, Milans, Tejero, la trama civil y los pol\u00edticos de primer nivel de aquel momento, pero los acontecimientos se movieron desde Zarzuela,a seg\u00fan los [&hellip;]<!-- AddThis Advanced Settings generic via filter on get_the_excerpt --><!-- AddThis Share Buttons generic via filter on get_the_excerpt --><\/p>\n","protected":false},"author":16,"featured_media":0,"comment_status":"open","ping_status":"closed","sticky":false,"template":"","format":"standard","meta":[],"categories":[1],"tags":[],"_links":{"self":[{"href":"https:\/\/blogs.elcomercio.es\/reflexiones-de-belarmino\/wp-json\/wp\/v2\/posts\/34763"}],"collection":[{"href":"https:\/\/blogs.elcomercio.es\/reflexiones-de-belarmino\/wp-json\/wp\/v2\/posts"}],"about":[{"href":"https:\/\/blogs.elcomercio.es\/reflexiones-de-belarmino\/wp-json\/wp\/v2\/types\/post"}],"author":[{"embeddable":true,"href":"https:\/\/blogs.elcomercio.es\/reflexiones-de-belarmino\/wp-json\/wp\/v2\/users\/16"}],"replies":[{"embeddable":true,"href":"https:\/\/blogs.elcomercio.es\/reflexiones-de-belarmino\/wp-json\/wp\/v2\/comments?post=34763"}],"version-history":[{"count":1,"href":"https:\/\/blogs.elcomercio.es\/reflexiones-de-belarmino\/wp-json\/wp\/v2\/posts\/34763\/revisions"}],"predecessor-version":[{"id":34764,"href":"https:\/\/blogs.elcomercio.es\/reflexiones-de-belarmino\/wp-json\/wp\/v2\/posts\/34763\/revisions\/34764"}],"wp:attachment":[{"href":"https:\/\/blogs.elcomercio.es\/reflexiones-de-belarmino\/wp-json\/wp\/v2\/media?parent=34763"}],"wp:term":[{"taxonomy":"category","embeddable":true,"href":"https:\/\/blogs.elcomercio.es\/reflexiones-de-belarmino\/wp-json\/wp\/v2\/categories?post=34763"},{"taxonomy":"post_tag","embeddable":true,"href":"https:\/\/blogs.elcomercio.es\/reflexiones-de-belarmino\/wp-json\/wp\/v2\/tags?post=34763"}],"curies":[{"name":"wp","href":"https:\/\/api.w.org\/{rel}","templated":true}]}}